{"id":54491,"date":"2023-06-22T23:51:46","date_gmt":"2023-06-22T23:51:46","guid":{"rendered":"http:\/\/elterritorialweb.com.ar\/web\/?p=54491"},"modified":"2023-06-22T23:51:49","modified_gmt":"2023-06-22T23:51:49","slug":"el-jefe-de-gabinete-se-reunio-con-autoridades-del-incaa","status":"publish","type":"post","link":"https:\/\/elterritorialweb.com.ar\/web\/el-jefe-de-gabinete-se-reunio-con-autoridades-del-incaa\/","title":{"rendered":"EL JEFE DE GABINETE SE REUNI\u00d3 CON AUTORIDADES DEL INCAA"},"content":{"rendered":"\n<p>El encuentro se llev\u00f3 a cabo en el marco de la visita que realizan a la provincia con motivo del Santiago del Estero Film Fest, festival internacional de cine que se lleva a cabo en la ciudad Capital desde el 19 de junio y que se extender\u00e1 hasta el pr\u00f3ximo s\u00e1bado 24.<\/p>\n\n\n\n<p>Durante la reuni\u00f3n dialogaron sobre la posibilidad de generar una agenda en com\u00fan entre provincia y Naci\u00f3n, para fortalecer el desarrollo de las artes audiovisuales en Santiago del Estero, haciendo hincapi\u00e9 en la capacitaci\u00f3n, difusi\u00f3n y en el acompa\u00f1amiento a los proyectos locales.<\/p>\n","protected":false},"excerpt":{"rendered":"<p>El jefe de Gabinete de Ministros, El\u00edas Su\u00e1rez, recibi\u00f3 este jueves por la ma\u00f1ana al presidente del INCAA (Instituto Nacional de Cine y Artes Audiovisuales), Nicol\u00e1s Batlle, y del subgerente de Desarrollo Federal del INCAA, Juan Zaffanella, quienes estuvieron acompa\u00f1ados por el subsecretario de Cultura de la provincia, Juan Leguizam\u00f3n.<\/p>\n","protected":false},"author":2,"featured_media":54492,"comment_status":"open","ping_status":"open","sticky":false,"template":"","format":"standard","meta":{"om_disable_all_campaigns":false,"_monsterinsights_skip_tracking":false,"_monsterinsights_sitenote_active":false,"_monsterinsights_sitenote_note":"","_monsterinsights_sitenote_category":0,"_uf_show_specific_survey":0,"_uf_disable_surveys":false,"jetpack_post_was_ever_published":false,"_jetpack_newsletter_access":"","_jetpack_dont_email_post_to_subs":false,"_jetpack_newsletter_tier_id":0,"_jetpack_memberships_contains_paywalled_content":false,"_jetpack_memberships_contains_paid_content":false,"footnotes":"","jetpack_publicize_message":"","jetpack_publicize_feature_enabled":true,"jetpack_social_post_already_shared":true,"jetpack_social_options":{"image_generator_settings":{"template":"highway","default_image_id":0,"font":"","enabled":false},"version":2}},"categories":[4,21],"tags":[322,49,324,323],"class_list":["post-54491","post","type-post","status-publish","format-standard","has-post-thumbnail","hentry","category-destacadas","category-locales","tag-elias-suarez","tag-gobierno-de-santiago-del-estero","tag-incaa","tag-instituto-nacional-de-cine-y-artes-audiovisuales"],"aioseo_notices":[],"views":5,"jetpack_publicize_connections":[],"jetpack_featured_media_url":"https:\/\/i0.wp.com\/elterritorialweb.com.ar\/web\/wp-content\/uploads\/2023\/06\/jefe-gabinete-2.jpeg?fit=1600%2C1066&ssl=1","jetpack_sharing_enabled":true,"_links":{"self":[{"href":"https:\/\/elterritorialweb.com.ar\/web\/wp-json\/wp\/v2\/posts\/54491","targetHints":{"allow":["GET"]}}],"collection":[{"href":"https:\/\/elterritorialweb.com.ar\/web\/wp-json\/wp\/v2\/posts"}],"about":[{"href":"https:\/\/elterritorialweb.com.ar\/web\/wp-json\/wp\/v2\/types\/post"}],"author":[{"embeddable":true,"href":"https:\/\/elterritorialweb.com.ar\/web\/wp-json\/wp\/v2\/users\/2"}],"replies":[{"embeddable":true,"href":"https:\/\/elterritorialweb.com.ar\/web\/wp-json\/wp\/v2\/comments?post=54491"}],"version-history":[{"count":1,"href":"https:\/\/elterritorialweb.com.ar\/web\/wp-json\/wp\/v2\/posts\/54491\/revisions"}],"predecessor-version":[{"id":54493,"href":"https:\/\/elterritorialweb.com.ar\/web\/wp-json\/wp\/v2\/posts\/54491\/revisions\/54493"}],"wp:featuredmedia":[{"embeddable":true,"href":"https:\/\/elterritorialweb.com.ar\/web\/wp-json\/wp\/v2\/media\/54492"}],"wp:attachment":[{"href":"https:\/\/elterritorialweb.com.ar\/web\/wp-json\/wp\/v2\/media?parent=54491"}],"wp:term":[{"taxonomy":"category","embeddable":true,"href":"https:\/\/elterritorialweb.com.ar\/web\/wp-json\/wp\/v2\/categories?post=54491"},{"taxonomy":"post_tag","embeddable":true,"href":"https:\/\/elterritorialweb.com.ar\/web\/wp-json\/wp\/v2\/tags?post=54491"}],"curies":[{"name":"wp","href":"https:\/\/api.w.org\/{rel}","templated":true}]}}