{"id":54497,"date":"2023-06-23T00:13:10","date_gmt":"2023-06-23T00:13:10","guid":{"rendered":"http:\/\/elterritorialweb.com.ar\/web\/?p=54497"},"modified":"2023-06-23T00:13:12","modified_gmt":"2023-06-23T00:13:12","slug":"alumnos-del-departamento-san-martin-visitaron-casa-de-gobierno","status":"publish","type":"post","link":"https:\/\/elterritorialweb.com.ar\/web\/alumnos-del-departamento-san-martin-visitaron-casa-de-gobierno\/","title":{"rendered":"ALUMNOS DEL DEPARTAMENTO SAN MART\u00cdN VISITARON CASA DE GOBIERNO"},"content":{"rendered":"\n<p>El encuentro se desarroll\u00f3 en el Sal\u00f3n de Acuerdos \u201cJuan Felipe Ibarra\u201d, en el marco del programa \u201cConociendo mi Provincia\u201d, que permite que alumnos de todo el interior puedan conocer la ciudad Capital, Villa La Punta y Termas de R\u00edo Hondo.<br>El jefe de Gabinete dio la bienvenida a los estudiantes y agradeci\u00f3 especialmente a los docentes por su predisposici\u00f3n para concretar este viaje. \u201cPara nosotros es muy importante porque nos permite conocer a numerosos alumnos de distintas localidades del interior y que ellos puedan recorrer lugares culturales, deportivos, institucionales y otros atractivos dentro de este viaje y as\u00ed poder visualizar un panorama m\u00e1s amplio\u201d, precis\u00f3.<br>Tambi\u00e9n destac\u00f3 que \u201cla educaci\u00f3n es un tema central en esta gesti\u00f3n de gobierno, es por ello que se trata de brindar mejores oportunidades para capacitarse, y una de ellas es la conectividad que permite obtener la informaci\u00f3n que es fundamental para poder enfrentar y proyectar la vida\u00bb.<\/p>\n","protected":false},"excerpt":{"rendered":"<p>En representaci\u00f3n del gobernador Gerardo Zamora, el jefe de Gabinete de Ministros, El\u00edas Su\u00e1rez, recibi\u00f3 este jueves en Casa de Gobierno la visita de  alumnos del Colegio Secundario de Barrancas Coloradas y del Agrupamiento N\u00b0 86.135 de la localidad de Villa Nueva, ambas ubicadas en el departamento San Mart\u00edn.<\/p>\n","protected":false},"author":2,"featured_media":54498,"comment_status":"open","ping_status":"open","sticky":false,"template":"","format":"standard","meta":{"om_disable_all_campaigns":false,"_monsterinsights_skip_tracking":false,"_monsterinsights_sitenote_active":false,"_monsterinsights_sitenote_note":"","_monsterinsights_sitenote_category":0,"_uf_show_specific_survey":0,"_uf_disable_surveys":false,"jetpack_post_was_ever_published":false,"_jetpack_newsletter_access":"","_jetpack_dont_email_post_to_subs":false,"_jetpack_newsletter_tier_id":0,"_jetpack_memberships_contains_paywalled_content":false,"_jetpack_memberships_contains_paid_content":false,"footnotes":"","jetpack_publicize_message":"","jetpack_publicize_feature_enabled":true,"jetpack_social_post_already_shared":true,"jetpack_social_options":{"image_generator_settings":{"template":"highway","default_image_id":0,"font":"","enabled":false},"version":2}},"categories":[4,21],"tags":[49,201],"class_list":["post-54497","post","type-post","status-publish","format-standard","has-post-thumbnail","hentry","category-destacadas","category-locales","tag-gobierno-de-santiago-del-estero","tag-programa-conociendo-mi-provincia"],"aioseo_notices":[],"views":8,"jetpack_publicize_connections":[],"jetpack_featured_media_url":"https:\/\/i0.wp.com\/elterritorialweb.com.ar\/web\/wp-content\/uploads\/2023\/06\/WhatsApp-Image-2023-06-22-at-14.11.03.jpeg?fit=1600%2C898&ssl=1","jetpack_sharing_enabled":true,"_links":{"self":[{"href":"https:\/\/elterritorialweb.com.ar\/web\/wp-json\/wp\/v2\/posts\/54497","targetHints":{"allow":["GET"]}}],"collection":[{"href":"https:\/\/elterritorialweb.com.ar\/web\/wp-json\/wp\/v2\/posts"}],"about":[{"href":"https:\/\/elterritorialweb.com.ar\/web\/wp-json\/wp\/v2\/types\/post"}],"author":[{"embeddable":true,"href":"https:\/\/elterritorialweb.com.ar\/web\/wp-json\/wp\/v2\/users\/2"}],"replies":[{"embeddable":true,"href":"https:\/\/elterritorialweb.com.ar\/web\/wp-json\/wp\/v2\/comments?post=54497"}],"version-history":[{"count":1,"href":"https:\/\/elterritorialweb.com.ar\/web\/wp-json\/wp\/v2\/posts\/54497\/revisions"}],"predecessor-version":[{"id":54499,"href":"https:\/\/elterritorialweb.com.ar\/web\/wp-json\/wp\/v2\/posts\/54497\/revisions\/54499"}],"wp:featuredmedia":[{"embeddable":true,"href":"https:\/\/elterritorialweb.com.ar\/web\/wp-json\/wp\/v2\/media\/54498"}],"wp:attachment":[{"href":"https:\/\/elterritorialweb.com.ar\/web\/wp-json\/wp\/v2\/media?parent=54497"}],"wp:term":[{"taxonomy":"category","embeddable":true,"href":"https:\/\/elterritorialweb.com.ar\/web\/wp-json\/wp\/v2\/categories?post=54497"},{"taxonomy":"post_tag","embeddable":true,"href":"https:\/\/elterritorialweb.com.ar\/web\/wp-json\/wp\/v2\/tags?post=54497"}],"curies":[{"name":"wp","href":"https:\/\/api.w.org\/{rel}","templated":true}]}}