{"id":54500,"date":"2023-06-23T00:17:03","date_gmt":"2023-06-23T00:17:03","guid":{"rendered":"http:\/\/elterritorialweb.com.ar\/web\/?p=54500"},"modified":"2023-06-23T00:17:06","modified_gmt":"2023-06-23T00:17:06","slug":"el-programa-mis-primeros-1-700-dias-sumo-un-centenar-de-beneficiarios-en-el-departamento-robles","status":"publish","type":"post","link":"https:\/\/elterritorialweb.com.ar\/web\/el-programa-mis-primeros-1-700-dias-sumo-un-centenar-de-beneficiarios-en-el-departamento-robles\/","title":{"rendered":"EL PROGRAMA \u201cMIS PRIMEROS 1.700 D\u00cdAS\u201d SUM\u00d3 UN CENTENAR DE BENEFICIARIOS EN EL DEPARTAMENTO ROBLES"},"content":{"rendered":"\n<p>El programa fue presentado por el referente del programa, Benjam\u00edn Coria, acompa\u00f1ado por la intendente de la ciudad de Forres, Bel\u00e9n Abdala; la directora de la instituci\u00f3n educativa, Mar\u00eda Elena \u00c1vila; la coordinadora de Desarrollo Social y Discapacidad de la Municipalidad de Forres, Antonela Chac\u00f3n; el secretario de Gobierno, Humberto Salazar; el concejal Nahuel Ardiles y miembros del equipo de profesionales del programa que capacitaron a las madres sobre la preparaci\u00f3n de los alimentos.<br>Las palabras de bienvenida estuvieron a cargo de la directora de la escuela, quien expres\u00f3 su agradecimiento en nombre de la comunidad por hacer posible que el programa llegue hasta Taco Pujio y a muchas familias de los parajes Cara Pujio, La Nueva y Chilquita.<\/p>\n\n\n\n<figure class=\"wp-block-image size-large\"><a href=\"https:\/\/i0.wp.com\/elterritorialweb.com.ar\/web\/wp-content\/uploads\/2023\/06\/WhatsApp-Image-2023-06-22-at-15.55.40.jpeg\"><img data-recalc-dims=\"1\" decoding=\"async\" width=\"640\" height=\"426\" data-src=\"https:\/\/i0.wp.com\/elterritorialweb.com.ar\/web\/wp-content\/uploads\/2023\/06\/WhatsApp-Image-2023-06-22-at-15.55.40.jpeg?resize=640%2C426\" alt=\"\" class=\"wp-image-54503 lazyload\" data-srcset=\"https:\/\/i0.wp.com\/elterritorialweb.com.ar\/web\/wp-content\/uploads\/2023\/06\/WhatsApp-Image-2023-06-22-at-15.55.40.jpeg?resize=1024%2C682&amp;ssl=1 1024w, https:\/\/i0.wp.com\/elterritorialweb.com.ar\/web\/wp-content\/uploads\/2023\/06\/WhatsApp-Image-2023-06-22-at-15.55.40.jpeg?resize=300%2C200&amp;ssl=1 300w, https:\/\/i0.wp.com\/elterritorialweb.com.ar\/web\/wp-content\/uploads\/2023\/06\/WhatsApp-Image-2023-06-22-at-15.55.40.jpeg?resize=768%2C512&amp;ssl=1 768w, https:\/\/i0.wp.com\/elterritorialweb.com.ar\/web\/wp-content\/uploads\/2023\/06\/WhatsApp-Image-2023-06-22-at-15.55.40.jpeg?resize=1536%2C1023&amp;ssl=1 1536w, https:\/\/i0.wp.com\/elterritorialweb.com.ar\/web\/wp-content\/uploads\/2023\/06\/WhatsApp-Image-2023-06-22-at-15.55.40.jpeg?w=1600&amp;ssl=1 1600w, https:\/\/i0.wp.com\/elterritorialweb.com.ar\/web\/wp-content\/uploads\/2023\/06\/WhatsApp-Image-2023-06-22-at-15.55.40.jpeg?w=1280 1280w\" data-sizes=\"(max-width: 640px) 100vw, 640px\" src=\"data:image\/svg+xml;base64,PHN2ZyB3aWR0aD0iMSIgaGVpZ2h0PSIxIiB4bWxucz0iaHR0cDovL3d3dy53My5vcmcvMjAwMC9zdmciPjwvc3ZnPg==\" style=\"--smush-placeholder-width: 640px; --smush-placeholder-aspect-ratio: 640\/426;\" \/><\/a><\/figure>\n\n\n\n<p>A su turno, Abdala resalt\u00f3 el compromiso del Gobierno de la provincia con los ni\u00f1os y ratific\u00f3 su acompa\u00f1amiento desde el municipio en las pol\u00edticas que se lleven adelante para lograr el bienestar de todas las familias de la zona.<br>Por su parte, Coria destac\u00f3 \u201cel respaldo del gobernador Gerardo Zamora y de la senadora Claudia de Zamora a este programa, que es importante porque brinda un refuerzo nutricional, especialmente para los ni\u00f1os en sus primeros a\u00f1os de vida\u201d, motivo por el cual reiter\u00f3 su pedido para que m\u00e1s familias de toda la provincia se empadronen en el programa y puedan retirar los kits proteicos totalmente gratuitos desde los distintos puntos de distribuci\u00f3n durante los primeros quince d\u00edas de cada mes.<\/p>\n","protected":false},"excerpt":{"rendered":"<p>M\u00e1s de cien ni\u00f1os que asisten a la Escuela N\u00b0 99 \u00abLorenzo Gonzebat\u00bb y al jard\u00edn de infantes de la localidad de Taco Pujio, en el departamento Robles, se sumaron este jueves a la extensa lista de beneficiarios del Programa Provincial Mis Primeros 1700 D\u00edas.<\/p>\n","protected":false},"author":2,"featured_media":54501,"comment_status":"open","ping_status":"open","sticky":false,"template":"","format":"standard","meta":{"om_disable_all_campaigns":false,"_monsterinsights_skip_tracking":false,"_monsterinsights_sitenote_active":false,"_monsterinsights_sitenote_note":"","_monsterinsights_sitenote_category":0,"_uf_show_specific_survey":0,"_uf_disable_surveys":false,"jetpack_post_was_ever_published":false,"_jetpack_newsletter_access":"","_jetpack_dont_email_post_to_subs":false,"_jetpack_newsletter_tier_id":0,"_jetpack_memberships_contains_paywalled_content":false,"_jetpack_memberships_contains_paid_content":false,"footnotes":"","jetpack_publicize_message":"","jetpack_publicize_feature_enabled":true,"jetpack_social_post_already_shared":true,"jetpack_social_options":{"image_generator_settings":{"template":"highway","default_image_id":0,"font":"","enabled":false},"version":2}},"categories":[4,21],"tags":[328,49,174],"class_list":["post-54500","post","type-post","status-publish","format-standard","has-post-thumbnail","hentry","category-destacadas","category-locales","tag-departamento-robles","tag-gobierno-de-santiago-del-estero","tag-programa-mis-primeros-1700-dias"],"aioseo_notices":[],"views":6,"jetpack_publicize_connections":[],"jetpack_featured_media_url":"https:\/\/i0.wp.com\/elterritorialweb.com.ar\/web\/wp-content\/uploads\/2023\/06\/WhatsApp-Image-2023-06-22-at-15.55.41-1.jpeg?fit=1600%2C1066&ssl=1","jetpack_sharing_enabled":true,"_links":{"self":[{"href":"https:\/\/elterritorialweb.com.ar\/web\/wp-json\/wp\/v2\/posts\/54500","targetHints":{"allow":["GET"]}}],"collection":[{"href":"https:\/\/elterritorialweb.com.ar\/web\/wp-json\/wp\/v2\/posts"}],"about":[{"href":"https:\/\/elterritorialweb.com.ar\/web\/wp-json\/wp\/v2\/types\/post"}],"author":[{"embeddable":true,"href":"https:\/\/elterritorialweb.com.ar\/web\/wp-json\/wp\/v2\/users\/2"}],"replies":[{"embeddable":true,"href":"https:\/\/elterritorialweb.com.ar\/web\/wp-json\/wp\/v2\/comments?post=54500"}],"version-history":[{"count":1,"href":"https:\/\/elterritorialweb.com.ar\/web\/wp-json\/wp\/v2\/posts\/54500\/revisions"}],"predecessor-version":[{"id":54504,"href":"https:\/\/elterritorialweb.com.ar\/web\/wp-json\/wp\/v2\/posts\/54500\/revisions\/54504"}],"wp:featuredmedia":[{"embeddable":true,"href":"https:\/\/elterritorialweb.com.ar\/web\/wp-json\/wp\/v2\/media\/54501"}],"wp:attachment":[{"href":"https:\/\/elterritorialweb.com.ar\/web\/wp-json\/wp\/v2\/media?parent=54500"}],"wp:term":[{"taxonomy":"category","embeddable":true,"href":"https:\/\/elterritorialweb.com.ar\/web\/wp-json\/wp\/v2\/categories?post=54500"},{"taxonomy":"post_tag","embeddable":true,"href":"https:\/\/elterritorialweb.com.ar\/web\/wp-json\/wp\/v2\/tags?post=54500"}],"curies":[{"name":"wp","href":"https:\/\/api.w.org\/{rel}","templated":true}]}}