{"id":54505,"date":"2023-06-23T00:21:54","date_gmt":"2023-06-23T00:21:54","guid":{"rendered":"http:\/\/elterritorialweb.com.ar\/web\/?p=54505"},"modified":"2023-06-23T00:21:57","modified_gmt":"2023-06-23T00:21:57","slug":"nediani-acompano-el-63aniversario-de-la-ucse","status":"publish","type":"post","link":"https:\/\/elterritorialweb.com.ar\/web\/nediani-acompano-el-63aniversario-de-la-ucse\/","title":{"rendered":"NEDIANI ACOMPA\u00d1\u00d3 EL 63\u00b0ANIVERSARIO DE LA UCSE"},"content":{"rendered":"\n<p>En la oportunidad, el jefe comunal estuvo acompa\u00f1ado por la subsecretaria de Educaci\u00f3n y Cultura de La Banda, Alejandra Far\u00edas, y particip\u00f3 de las actividades de celebraci\u00f3n por un nuevo aniversario de esta prestigiosa universidad con la que el municipio bande\u00f1o realiz\u00f3 la firma y renovaci\u00f3n de un Convenio Marco con la Facultad de Ciencias Pol\u00edticas, Sociales y Jur\u00eddicas.<br>En este sentido, se destaca el trabajo conjunto entre ambas instituciones para fortalecer el compromiso y la predisposici\u00f3n de fomentar la formaci\u00f3n de los j\u00f3venes, permiti\u00e9ndoles involucrarse en \u00e1mbitos relacionados y formar parte de actividades que sirvan para su adquisici\u00f3n de conocimientos.<br>Al respecto, el jefe comunal manifest\u00f3: \u00abHoy est\u00e1 cumpliendo 63 a\u00f1os la Universidad Cat\u00f3lica de Santiago del Estero y en ese sentido, felicitar a su rector, Ing. Luis Lucena y todas las autoridades que forman parte de las diferentes facultades de esta casa de altos estudios. Fue una noche muy emotiva, por lo que quiero decirles que vamos a continuar trabajando juntos como lo venimos haciendo desde hace mucho tiempo en diferentes convenios que tenemos firmados\u00bb.<br>\u00abEstoy muy contento de poder participar de estos 63 a\u00f1os de vida institucional, quiero desearles el mayor de los \u00e9xitos y que contin\u00faen creciendo y fortaleciendo el lazo de la universidad que es la parte educativa y cultural con la sociedad santiague\u00f1a\u00bb, finaliz\u00f3 Nediani.<br>Posteriormente, el cierre estuvo a cargo del cuarteto de cuerdas que interpretaron \u00abErase una vez en el oeste\u00bb de Ennio Morricone; \u00abDivertimento in RE mayor\u00bb de Wolfgang Amadeus Mozart; \u00abCu\u00e1n profundo es tu amor\u00bb de Bee Gees; \u00abSummertime\u00bb de Ira Gershwin; \u00abLa muerte del \u00e1ngel\u00bb de Astor Piazzolla; y \u00abTanguera\u00bb de Mariano Mores como broche de oro.<\/p>\n","protected":false},"excerpt":{"rendered":"<p>La Universidad Cat\u00f3lica de Santiago del Estero, celebr\u00f3 un nuevo a\u00f1o institucional bajo el lema \u00abSumamos un a\u00f1o m\u00e1s de vida formando profesionales\u00bb y el intendente de la Municipalidad de La Banda, Roger Nediani, acompa\u00f1\u00f3 el acto central que se desarroll\u00f3 en el Audit\u00f3rium de esa casa de altos estudios.<\/p>\n","protected":false},"author":2,"featured_media":54507,"comment_status":"open","ping_status":"open","sticky":false,"template":"","format":"standard","meta":{"om_disable_all_campaigns":false,"_monsterinsights_skip_tracking":false,"_monsterinsights_sitenote_active":false,"_monsterinsights_sitenote_note":"","_monsterinsights_sitenote_category":0,"_uf_show_specific_survey":0,"_uf_disable_surveys":false,"jetpack_post_was_ever_published":false,"_jetpack_newsletter_access":"","_jetpack_dont_email_post_to_subs":false,"_jetpack_newsletter_tier_id":0,"_jetpack_memberships_contains_paywalled_content":false,"_jetpack_memberships_contains_paid_content":false,"footnotes":"","jetpack_publicize_message":"","jetpack_publicize_feature_enabled":true,"jetpack_social_post_already_shared":true,"jetpack_social_options":{"image_generator_settings":{"template":"highway","default_image_id":0,"font":"","enabled":false},"version":2}},"categories":[9],"tags":[329,71,51],"class_list":["post-54505","post","type-post","status-publish","format-standard","has-post-thumbnail","hentry","category-banda","tag-aniversario-de-la-universidad-catolica-de-santiago-del-estero","tag-municipalidad-de-la-banda","tag-roger-nediani"],"aioseo_notices":[],"views":10,"jetpack_publicize_connections":[],"jetpack_featured_media_url":"https:\/\/i0.wp.com\/elterritorialweb.com.ar\/web\/wp-content\/uploads\/2023\/06\/WhatsApp-Image-2023-06-22-at-13.57.39.jpeg?fit=806%2C578&ssl=1","jetpack_sharing_enabled":true,"_links":{"self":[{"href":"https:\/\/elterritorialweb.com.ar\/web\/wp-json\/wp\/v2\/posts\/54505","targetHints":{"allow":["GET"]}}],"collection":[{"href":"https:\/\/elterritorialweb.com.ar\/web\/wp-json\/wp\/v2\/posts"}],"about":[{"href":"https:\/\/elterritorialweb.com.ar\/web\/wp-json\/wp\/v2\/types\/post"}],"author":[{"embeddable":true,"href":"https:\/\/elterritorialweb.com.ar\/web\/wp-json\/wp\/v2\/users\/2"}],"replies":[{"embeddable":true,"href":"https:\/\/elterritorialweb.com.ar\/web\/wp-json\/wp\/v2\/comments?post=54505"}],"version-history":[{"count":1,"href":"https:\/\/elterritorialweb.com.ar\/web\/wp-json\/wp\/v2\/posts\/54505\/revisions"}],"predecessor-version":[{"id":54508,"href":"https:\/\/elterritorialweb.com.ar\/web\/wp-json\/wp\/v2\/posts\/54505\/revisions\/54508"}],"wp:featuredmedia":[{"embeddable":true,"href":"https:\/\/elterritorialweb.com.ar\/web\/wp-json\/wp\/v2\/media\/54507"}],"wp:attachment":[{"href":"https:\/\/elterritorialweb.com.ar\/web\/wp-json\/wp\/v2\/media?parent=54505"}],"wp:term":[{"taxonomy":"category","embeddable":true,"href":"https:\/\/elterritorialweb.com.ar\/web\/wp-json\/wp\/v2\/categories?post=54505"},{"taxonomy":"post_tag","embeddable":true,"href":"https:\/\/elterritorialweb.com.ar\/web\/wp-json\/wp\/v2\/tags?post=54505"}],"curies":[{"name":"wp","href":"https:\/\/api.w.org\/{rel}","templated":true}]}}