{"id":54512,"date":"2023-06-23T00:36:25","date_gmt":"2023-06-23T00:36:25","guid":{"rendered":"http:\/\/elterritorialweb.com.ar\/web\/?p=54512"},"modified":"2023-06-23T00:36:28","modified_gmt":"2023-06-23T00:36:28","slug":"zamora-firmo-la-adjudicacion-de-equipamiento-del-programa-federal-equipar-ciencia","status":"publish","type":"post","link":"https:\/\/elterritorialweb.com.ar\/web\/zamora-firmo-la-adjudicacion-de-equipamiento-del-programa-federal-equipar-ciencia\/","title":{"rendered":"ZAMORA FIRM\u00d3 LA ADJUDICACI\u00d3N DE EQUIPAMIENTO DEL PROGRAMA FEDERAL \u201cEQUIPAR CIENCIA\u201d"},"content":{"rendered":"\n<p>La ceremonia fue encabezada por el ministro de Ciencia, Tecnolog\u00eda e Innovaci\u00f3n, Daniel Filmuls, donde se anunci\u00f3 una inversi\u00f3n de 15.140 millones de pesos para una tercera etapa de adjudicaci\u00f3n de 237 equipos de mediano y gran porte a 18 instituciones de todo el pa\u00eds para generar m\u00e1s valor y m\u00e1s ciencia de calidad.<br>El ministro estuvo acompa\u00f1ado por el secretario de Articulaci\u00f3n Cient\u00edfico-Tecnol\u00f3gica, Juan Pablo Paz, y de los subsecretarios Pablo N\u00fa\u00f1ez, de Coordinaci\u00f3n Institucional, y Luz Lardone, de Federalizaci\u00f3n de Ciencia, Tecnolog\u00eda e Innovaci\u00f3n.<br>Durante el acto, el mandatario santiague\u00f1o valor\u00f3 el acompa\u00f1amiento del Ministerio de Ciencia, Tecnolog\u00eda e Innovaci\u00f3n y destac\u00f3 la importancia de \u201cincorporar (en este tipo de iniciativas) a provincias como las nuestras para darle capacidad a los j\u00f3venes y una matriz productiva diferente\u201d.<\/p>\n\n\n\n<figure class=\"wp-block-image size-large\"><a href=\"https:\/\/i0.wp.com\/elterritorialweb.com.ar\/web\/wp-content\/uploads\/2023\/06\/WhatsApp-Image-2023-06-22-at-21.26.26.jpeg\"><img data-recalc-dims=\"1\" decoding=\"async\" width=\"640\" height=\"426\" data-src=\"https:\/\/i0.wp.com\/elterritorialweb.com.ar\/web\/wp-content\/uploads\/2023\/06\/WhatsApp-Image-2023-06-22-at-21.26.26.jpeg?resize=640%2C426\" alt=\"\" class=\"wp-image-54513 lazyload\" data-srcset=\"https:\/\/i0.wp.com\/elterritorialweb.com.ar\/web\/wp-content\/uploads\/2023\/06\/WhatsApp-Image-2023-06-22-at-21.26.26.jpeg?resize=1024%2C682&amp;ssl=1 1024w, https:\/\/i0.wp.com\/elterritorialweb.com.ar\/web\/wp-content\/uploads\/2023\/06\/WhatsApp-Image-2023-06-22-at-21.26.26.jpeg?resize=300%2C200&amp;ssl=1 300w, https:\/\/i0.wp.com\/elterritorialweb.com.ar\/web\/wp-content\/uploads\/2023\/06\/WhatsApp-Image-2023-06-22-at-21.26.26.jpeg?resize=768%2C512&amp;ssl=1 768w, https:\/\/i0.wp.com\/elterritorialweb.com.ar\/web\/wp-content\/uploads\/2023\/06\/WhatsApp-Image-2023-06-22-at-21.26.26.jpeg?resize=1536%2C1023&amp;ssl=1 1536w, https:\/\/i0.wp.com\/elterritorialweb.com.ar\/web\/wp-content\/uploads\/2023\/06\/WhatsApp-Image-2023-06-22-at-21.26.26.jpeg?w=1600&amp;ssl=1 1600w, https:\/\/i0.wp.com\/elterritorialweb.com.ar\/web\/wp-content\/uploads\/2023\/06\/WhatsApp-Image-2023-06-22-at-21.26.26.jpeg?w=1280 1280w\" data-sizes=\"(max-width: 640px) 100vw, 640px\" src=\"data:image\/svg+xml;base64,PHN2ZyB3aWR0aD0iMSIgaGVpZ2h0PSIxIiB4bWxucz0iaHR0cDovL3d3dy53My5vcmcvMjAwMC9zdmciPjwvc3ZnPg==\" style=\"--smush-placeholder-width: 640px; --smush-placeholder-aspect-ratio: 640\/426;\" \/><\/a><\/figure>\n\n\n\n<p>A su turno, Filmus resalt\u00f3 la presencia de los gobernadores de Santiago del Estero y de Catamarca. \u201cRepresentan dos provincias que han hecho un esfuerzo enorme para transformar los modelos productivos, donde m\u00e1s creci\u00f3 el trabajo privado y la investigaci\u00f3n cient\u00edfico tecnol\u00f3gica\u201d, dijo.<br>Y agreg\u00f3: \u201cEn el Norte Grande hasta el a\u00f1o 2019 se invert\u00eda en ciencia y tecnolog\u00eda el 3%, a partir de este programa m\u00e1s del 20% es para esa regi\u00f3n\u201d. \u201cHay provincias que tienen mayores recursos naturales pero piensan el futuro basado en ciencia y tecnolog\u00eda\u00bb, destac\u00f3.<br>Antes de finalizar, el ministro hizo hincapi\u00e9 en las asimetr\u00edas y \u201cla dimensi\u00f3n de c\u00f3mo se distribu\u00eda el presupuesto vinculado a los cr\u00e9ditos internacionales\u201d. \u201cHoy \u2013prosigui\u00f3- estamos ante una transformaci\u00f3n poderosa en la distribuci\u00f3n y planteo esto por la estructuraci\u00f3n de un pa\u00eds dependiente del mercado internacional basado en dos desigualdades internas: la social y la territorial\u201d.<br>\u201cSi invertimos m\u00e1s en ciencia y tecnolog\u00eda es para resolver los problemas cotidianos de la gente y defender la soberan\u00eda nacional\u201d, concluy\u00f3.<\/p>\n","protected":false},"excerpt":{"rendered":"<p>El gobernador Gerardo Zamora particip\u00f3 este jueves en el Centro Cultural de la Ciencia C3, en la ciudad de Buenos Aires, de una nueva adjudicaci\u00f3n de herramientas tecnol\u00f3gicas otorgadas a trav\u00e9s del Programa Federal \u201cEquipar Ciencia\u201d, oportunidad en la que Santiago del Estero fue beneficiada con equipamiento por $ 1.141.605 d\u00f3lares.<\/p>\n","protected":false},"author":2,"featured_media":54514,"comment_status":"open","ping_status":"open","sticky":false,"template":"","format":"standard","meta":{"om_disable_all_campaigns":false,"_monsterinsights_skip_tracking":false,"_monsterinsights_sitenote_active":false,"_monsterinsights_sitenote_note":"","_monsterinsights_sitenote_category":0,"_uf_show_specific_survey":0,"_uf_disable_surveys":false,"jetpack_post_was_ever_published":false,"_jetpack_newsletter_access":"","_jetpack_dont_email_post_to_subs":false,"_jetpack_newsletter_tier_id":0,"_jetpack_memberships_contains_paywalled_content":false,"_jetpack_memberships_contains_paid_content":false,"footnotes":"","jetpack_publicize_message":"","jetpack_publicize_feature_enabled":true,"jetpack_social_post_already_shared":true,"jetpack_social_options":{"image_generator_settings":{"template":"highway","default_image_id":0,"font":"","enabled":false},"version":2}},"categories":[4,21],"tags":[330,59,331],"class_list":["post-54512","post","type-post","status-publish","format-standard","has-post-thumbnail","hentry","category-destacadas","category-locales","tag-daniel-filmus","tag-gerardo-zamora","tag-programa-federal-equipar-ciencia"],"aioseo_notices":[],"views":10,"jetpack_publicize_connections":[],"jetpack_featured_media_url":"https:\/\/i0.wp.com\/elterritorialweb.com.ar\/web\/wp-content\/uploads\/2023\/06\/WhatsApp-Image-2023-06-22-at-21.26.25.jpeg?fit=1600%2C1066&ssl=1","jetpack_sharing_enabled":true,"_links":{"self":[{"href":"https:\/\/elterritorialweb.com.ar\/web\/wp-json\/wp\/v2\/posts\/54512","targetHints":{"allow":["GET"]}}],"collection":[{"href":"https:\/\/elterritorialweb.com.ar\/web\/wp-json\/wp\/v2\/posts"}],"about":[{"href":"https:\/\/elterritorialweb.com.ar\/web\/wp-json\/wp\/v2\/types\/post"}],"author":[{"embeddable":true,"href":"https:\/\/elterritorialweb.com.ar\/web\/wp-json\/wp\/v2\/users\/2"}],"replies":[{"embeddable":true,"href":"https:\/\/elterritorialweb.com.ar\/web\/wp-json\/wp\/v2\/comments?post=54512"}],"version-history":[{"count":1,"href":"https:\/\/elterritorialweb.com.ar\/web\/wp-json\/wp\/v2\/posts\/54512\/revisions"}],"predecessor-version":[{"id":54515,"href":"https:\/\/elterritorialweb.com.ar\/web\/wp-json\/wp\/v2\/posts\/54512\/revisions\/54515"}],"wp:featuredmedia":[{"embeddable":true,"href":"https:\/\/elterritorialweb.com.ar\/web\/wp-json\/wp\/v2\/media\/54514"}],"wp:attachment":[{"href":"https:\/\/elterritorialweb.com.ar\/web\/wp-json\/wp\/v2\/media?parent=54512"}],"wp:term":[{"taxonomy":"category","embeddable":true,"href":"https:\/\/elterritorialweb.com.ar\/web\/wp-json\/wp\/v2\/categories?post=54512"},{"taxonomy":"post_tag","embeddable":true,"href":"https:\/\/elterritorialweb.com.ar\/web\/wp-json\/wp\/v2\/tags?post=54512"}],"curies":[{"name":"wp","href":"https:\/\/api.w.org\/{rel}","templated":true}]}}