{"id":54526,"date":"2023-06-23T04:58:58","date_gmt":"2023-06-23T04:58:58","guid":{"rendered":"http:\/\/elterritorialweb.com.ar\/web\/?p=54526"},"modified":"2023-06-23T05:07:02","modified_gmt":"2023-06-23T05:07:02","slug":"colacion-de-grado-en-termas-de-rio-hondo","status":"publish","type":"post","link":"https:\/\/elterritorialweb.com.ar\/web\/colacion-de-grado-en-termas-de-rio-hondo\/","title":{"rendered":"COLACI\u00d3N DE GRADO EN TERMAS DE R\u00cdO HONDO"},"content":{"rendered":"\n<p>En la ciudad de Termas de Rio Hondo, se celebr\u00f3 el acto acad\u00e9mico de Colaci\u00f3n de Grado de la Escuela para la Innovaci\u00f3n Educativa, con la presencia del rector de la UNSE, H\u00e9ctor Rub\u00e9n Paz, el intendente Jorge Mukdise, y el el director de la Escuela para la Innovaci\u00f3n Educativa, Francisco Jos\u00e9 Muratore, entre otras autoridades.<br>Como parte del acto, la egresada en Licenciatura en Gesti\u00f3n Educativa Roxana Isabel Ponce dirigi\u00f3 un mensaje en representaci\u00f3n de sus colegas, por el objetivo cumplido y las ganas de continuar capacit\u00e1ndose y ser agentes transformadores del sistema educativo.<br>Del acto participaron familiares y amigos; y las autoridades destacaron la presencia de la UNSE en el territorio y las trayectorias de los nuevos egresados y egresadas que aportar\u00e1n a brindar m\u00e1s y mejor educaci\u00f3n en la provincia.<\/p>\n\n\n\n<p><\/p>\n\n\n\n<p><\/p>\n","protected":false},"excerpt":{"rendered":"<p>Se celebr\u00f3 el acto acad\u00e9mico de Colaci\u00f3n de Grado de la Escuela para la Innovaci\u00f3n Educativa perteneciente a la UNSE.<\/p>\n","protected":false},"author":2,"featured_media":54527,"comment_status":"open","ping_status":"open","sticky":false,"template":"","format":"standard","meta":{"om_disable_all_campaigns":false,"_monsterinsights_skip_tracking":false,"_monsterinsights_sitenote_active":false,"_monsterinsights_sitenote_note":"","_monsterinsights_sitenote_category":0,"_uf_show_specific_survey":0,"_uf_disable_surveys":false,"jetpack_post_was_ever_published":false,"_jetpack_newsletter_access":"","_jetpack_dont_email_post_to_subs":false,"_jetpack_newsletter_tier_id":0,"_jetpack_memberships_contains_paywalled_content":false,"_jetpack_memberships_contains_paid_content":false,"footnotes":"","jetpack_publicize_message":"","jetpack_publicize_feature_enabled":true,"jetpack_social_post_already_shared":true,"jetpack_social_options":{"image_generator_settings":{"template":"highway","default_image_id":0,"font":"","enabled":false},"version":2}},"categories":[19],"tags":[333,334,42,74],"class_list":["post-54526","post","type-post","status-publish","format-standard","has-post-thumbnail","hentry","category-educacion","tag-colacion-de-grado","tag-escuela-para-la-innovacion-educativa","tag-termas-de-rio-hondo","tag-unse"],"aioseo_notices":[],"views":13,"jetpack_publicize_connections":[],"jetpack_featured_media_url":"https:\/\/i0.wp.com\/elterritorialweb.com.ar\/web\/wp-content\/uploads\/2023\/06\/IMG-20230622-WA0040.jpg?fit=1600%2C1200&ssl=1","jetpack_sharing_enabled":true,"_links":{"self":[{"href":"https:\/\/elterritorialweb.com.ar\/web\/wp-json\/wp\/v2\/posts\/54526","targetHints":{"allow":["GET"]}}],"collection":[{"href":"https:\/\/elterritorialweb.com.ar\/web\/wp-json\/wp\/v2\/posts"}],"about":[{"href":"https:\/\/elterritorialweb.com.ar\/web\/wp-json\/wp\/v2\/types\/post"}],"author":[{"embeddable":true,"href":"https:\/\/elterritorialweb.com.ar\/web\/wp-json\/wp\/v2\/users\/2"}],"replies":[{"embeddable":true,"href":"https:\/\/elterritorialweb.com.ar\/web\/wp-json\/wp\/v2\/comments?post=54526"}],"version-history":[{"count":3,"href":"https:\/\/elterritorialweb.com.ar\/web\/wp-json\/wp\/v2\/posts\/54526\/revisions"}],"predecessor-version":[{"id":54534,"href":"https:\/\/elterritorialweb.com.ar\/web\/wp-json\/wp\/v2\/posts\/54526\/revisions\/54534"}],"wp:featuredmedia":[{"embeddable":true,"href":"https:\/\/elterritorialweb.com.ar\/web\/wp-json\/wp\/v2\/media\/54527"}],"wp:attachment":[{"href":"https:\/\/elterritorialweb.com.ar\/web\/wp-json\/wp\/v2\/media?parent=54526"}],"wp:term":[{"taxonomy":"category","embeddable":true,"href":"https:\/\/elterritorialweb.com.ar\/web\/wp-json\/wp\/v2\/categories?post=54526"},{"taxonomy":"post_tag","embeddable":true,"href":"https:\/\/elterritorialweb.com.ar\/web\/wp-json\/wp\/v2\/tags?post=54526"}],"curies":[{"name":"wp","href":"https:\/\/api.w.org\/{rel}","templated":true}]}}