{"id":54531,"date":"2023-06-23T05:06:17","date_gmt":"2023-06-23T05:06:17","guid":{"rendered":"http:\/\/elterritorialweb.com.ar\/web\/?p=54531"},"modified":"2023-06-23T05:06:20","modified_gmt":"2023-06-23T05:06:20","slug":"edunse-presento-la-antologia-de-poetas-del-escritor-alfonso-nassif","status":"publish","type":"post","link":"https:\/\/elterritorialweb.com.ar\/web\/edunse-presento-la-antologia-de-poetas-del-escritor-alfonso-nassif\/","title":{"rendered":"EDUNSE PRESENT\u00d3 LA ANTOLOG\u00cdA DE POETAS, DEL ESCRITOR ALFONSO NASSIF"},"content":{"rendered":"\n<p>El encargado de presentar la antolog\u00eda fue el profesor y escritor Ram\u00f3n Chaparro, que comenz\u00f3 describiendo la obra: \u201cEntre ambos tomos suman 1072 p\u00e1ginas, y contienen un trayecto lector que conjunta seis provincias. Un total de 280 escritores y escritoras habitan la Antolog\u00eda, cuyo punto de partida es el siglo XVI con Mateo Rojas de Oquendo\u00bb.<br>\u201cToda antolog\u00eda es una potencial invitaci\u00f3n a la pol\u00e9mica, a veces entre los lectores con el antologador, y otras veces del antologador consigo mismo\u201d, afirm\u00f3 Chaparro luego de hacer un repaso por los antecedentes del g\u00e9nero en la regi\u00f3n. Se refiri\u00f3 tambi\u00e9n a las funciones que cumple: \u201cdar cuenta de lo olvidado, estimular la pol\u00e9mica creadora, ser puerta de acceso al lector\u201d. Y como cierre afirm\u00f3 que la Antolog\u00eda de Poetas del Noroeste Argentino de Alfonso Nassif \u201ces una obra imprescindible, un aliciente para la lectura y para la discusi\u00f3n alrededor de lo nuevo\u00bb.<br>Acto seguido tom\u00f3 la palabra Alfonso Nassif que luego de expresar su alegr\u00eda por ver su trabajo publicado y hacer alusi\u00f3n a su importancia, recit\u00f3 algunos de los poemas presentes en el libro. La obra se la puede adquirir en el local de Edunse, en la sede central de nuestra universidad.<\/p>\n","protected":false},"excerpt":{"rendered":"<p>En el D\u00eda Nacional del Libro y en el marco de los 50 a\u00f1os de la Universidad Nacional de Santiago del Estero, tuvo lugar la presentaci\u00f3n del libro Antolog\u00eda de Poetas del Noroeste Argentino, de Alfonso Nassif y producido por la editorial universitaria Edunse.<\/p>\n","protected":false},"author":2,"featured_media":54532,"comment_status":"open","ping_status":"open","sticky":false,"template":"","format":"standard","meta":{"om_disable_all_campaigns":false,"_monsterinsights_skip_tracking":false,"_monsterinsights_sitenote_active":false,"_monsterinsights_sitenote_note":"","_monsterinsights_sitenote_category":0,"_uf_show_specific_survey":0,"_uf_disable_surveys":false,"jetpack_post_was_ever_published":false,"_jetpack_newsletter_access":"","_jetpack_dont_email_post_to_subs":false,"_jetpack_newsletter_tier_id":0,"_jetpack_memberships_contains_paywalled_content":false,"_jetpack_memberships_contains_paid_content":false,"footnotes":"","jetpack_publicize_message":"","jetpack_publicize_feature_enabled":true,"jetpack_social_post_already_shared":true,"jetpack_social_options":{"image_generator_settings":{"template":"highway","default_image_id":0,"font":"","enabled":false},"version":2}},"categories":[19],"tags":[337,336,74],"class_list":["post-54531","post","type-post","status-publish","format-standard","has-post-thumbnail","hentry","category-educacion","tag-dia-nacional-del-libro","tag-edunse","tag-unse"],"aioseo_notices":[],"views":7,"jetpack_publicize_connections":[],"jetpack_featured_media_url":"https:\/\/i0.wp.com\/elterritorialweb.com.ar\/web\/wp-content\/uploads\/2023\/06\/IMG-20230622-WA0042.jpg?fit=1024%2C683&ssl=1","jetpack_sharing_enabled":true,"_links":{"self":[{"href":"https:\/\/elterritorialweb.com.ar\/web\/wp-json\/wp\/v2\/posts\/54531","targetHints":{"allow":["GET"]}}],"collection":[{"href":"https:\/\/elterritorialweb.com.ar\/web\/wp-json\/wp\/v2\/posts"}],"about":[{"href":"https:\/\/elterritorialweb.com.ar\/web\/wp-json\/wp\/v2\/types\/post"}],"author":[{"embeddable":true,"href":"https:\/\/elterritorialweb.com.ar\/web\/wp-json\/wp\/v2\/users\/2"}],"replies":[{"embeddable":true,"href":"https:\/\/elterritorialweb.com.ar\/web\/wp-json\/wp\/v2\/comments?post=54531"}],"version-history":[{"count":1,"href":"https:\/\/elterritorialweb.com.ar\/web\/wp-json\/wp\/v2\/posts\/54531\/revisions"}],"predecessor-version":[{"id":54533,"href":"https:\/\/elterritorialweb.com.ar\/web\/wp-json\/wp\/v2\/posts\/54531\/revisions\/54533"}],"wp:featuredmedia":[{"embeddable":true,"href":"https:\/\/elterritorialweb.com.ar\/web\/wp-json\/wp\/v2\/media\/54532"}],"wp:attachment":[{"href":"https:\/\/elterritorialweb.com.ar\/web\/wp-json\/wp\/v2\/media?parent=54531"}],"wp:term":[{"taxonomy":"category","embeddable":true,"href":"https:\/\/elterritorialweb.com.ar\/web\/wp-json\/wp\/v2\/categories?post=54531"},{"taxonomy":"post_tag","embeddable":true,"href":"https:\/\/elterritorialweb.com.ar\/web\/wp-json\/wp\/v2\/tags?post=54531"}],"curies":[{"name":"wp","href":"https:\/\/api.w.org\/{rel}","templated":true}]}}