{"id":54539,"date":"2023-06-23T14:48:08","date_gmt":"2023-06-23T14:48:08","guid":{"rendered":"http:\/\/elterritorialweb.com.ar\/web\/?p=54539"},"modified":"2023-06-23T14:48:12","modified_gmt":"2023-06-23T14:48:12","slug":"fuentes-tomo-la-promesa-de-carino-a-la-bandera-de-los-alumnos-de-los-jardines-municipales","status":"publish","type":"post","link":"https:\/\/elterritorialweb.com.ar\/web\/fuentes-tomo-la-promesa-de-carino-a-la-bandera-de-los-alumnos-de-los-jardines-municipales\/","title":{"rendered":"FUENTES TOM\u00d3 LA PROMESA DE CARI\u00d1O A LA BANDERA DE LOS ALUMNOS DE LOS JARDINES MUNICIPALES"},"content":{"rendered":"\n<p>El tradicional acto se desarroll\u00f3 en el marco del D\u00eda de la Bandera y cuyo objetivo pedag\u00f3gico es la incorporaci\u00f3n del sentido de identidad nacional desde la educaci\u00f3n inicial y de participaci\u00f3n comunitaria, en especial en este a\u00f1o donde se conmemoran 40 a\u00f1os de democracia ininterrumpida.<\/p>\n\n\n\n<p>\u201cEl equipo de educaci\u00f3n junto a&nbsp;&nbsp; numerosas instituciones, como el Ej\u00e9rcito, los ex combatientes de Malvinas, el Coro de Ni\u00f1os del Ministerio de Educaci\u00f3n de la Provincia y las familias formaron parte de la promesa de cari\u00f1o, en la que todos nos sentimos muy conmovidos siempre\u201d, resalt\u00f3 la Ing. Fuentes.<\/p>\n\n\n\n<p>La jefa comunal sostuvo que se trat\u00f3 de una jornada inolvidable para los alumnos que transitan el \u00faltimo a\u00f1o en el Sistema Educativo Municipal.<\/p>\n\n\n\n<p>La&nbsp; ceremonia dio comienzo con el espect\u00e1culo de paracaidistas, continu\u00f3 con una coreograf\u00eda alusiva de los docentes de educaci\u00f3n f\u00edsica, luego se realiz\u00f3 la promesa de compromiso de los padres y finaliz\u00f3 con la toma de promesa de cari\u00f1o a la bandera a los alumnos.<\/p>\n\n\n\n<p>Acompa\u00f1aron a la intendente Fuentes, el presidente del Concejo Deliberante, Humberto Santill\u00e1n; los secretarios de Gobierno, N\u00e9stor Machado, de Econom\u00eda Anabel Arce, y de Planeamiento, Obras y Servicios P\u00fablicos, Jorge Vila, entre otros funcionarios del gabinete. Adem\u00e1s, asistieron diputados provinciales, concejales, miembros de la Junta Calificaciones y Clasificaciones y del Gabinete de Asesores Psicopedag\u00f3gicos del nivel inicial municipal.<\/p>\n","protected":false},"excerpt":{"rendered":"<p>La intendente, Ing. Norma Fuentes, tom\u00f3 la promesa de cari\u00f1o de la bandera de la Naci\u00f3n a m\u00e1s 1.400 alumnos de tercer ciclo de los 26 jardines de infantes de la Municipalidad de la Capital, que tuvo lugar en las instalaciones del Club G\u00fcemes ante una multitudinaria asistencia de la comunidad educativa.<\/p>\n","protected":false},"author":2,"featured_media":54540,"comment_status":"open","ping_status":"open","sticky":false,"template":"","format":"standard","meta":{"om_disable_all_campaigns":false,"_monsterinsights_skip_tracking":false,"_monsterinsights_sitenote_active":false,"_monsterinsights_sitenote_note":"","_monsterinsights_sitenote_category":0,"_uf_show_specific_survey":0,"_uf_disable_surveys":false,"jetpack_post_was_ever_published":false,"_jetpack_newsletter_access":"","_jetpack_dont_email_post_to_subs":false,"_jetpack_newsletter_tier_id":0,"_jetpack_memberships_contains_paywalled_content":false,"_jetpack_memberships_contains_paid_content":false,"footnotes":"","jetpack_publicize_message":"","jetpack_publicize_feature_enabled":true,"jetpack_social_post_already_shared":true,"jetpack_social_options":{"image_generator_settings":{"template":"highway","default_image_id":0,"font":"","enabled":false},"version":2}},"categories":[21],"tags":[313,73,116,342],"class_list":["post-54539","post","type-post","status-publish","format-standard","has-post-thumbnail","hentry","category-locales","tag-jardines-de-infantes-municipales","tag-municipalidad-de-la-capital","tag-norma-fuentes","tag-promesa-de-carino-a-la-bandera"],"aioseo_notices":[],"views":7,"jetpack_publicize_connections":[],"jetpack_featured_media_url":"https:\/\/i0.wp.com\/elterritorialweb.com.ar\/web\/wp-content\/uploads\/2023\/06\/Intendente-Promesa-de-carino-a-la-bandera.jpg?fit=1280%2C731&ssl=1","jetpack_sharing_enabled":true,"_links":{"self":[{"href":"https:\/\/elterritorialweb.com.ar\/web\/wp-json\/wp\/v2\/posts\/54539","targetHints":{"allow":["GET"]}}],"collection":[{"href":"https:\/\/elterritorialweb.com.ar\/web\/wp-json\/wp\/v2\/posts"}],"about":[{"href":"https:\/\/elterritorialweb.com.ar\/web\/wp-json\/wp\/v2\/types\/post"}],"author":[{"embeddable":true,"href":"https:\/\/elterritorialweb.com.ar\/web\/wp-json\/wp\/v2\/users\/2"}],"replies":[{"embeddable":true,"href":"https:\/\/elterritorialweb.com.ar\/web\/wp-json\/wp\/v2\/comments?post=54539"}],"version-history":[{"count":1,"href":"https:\/\/elterritorialweb.com.ar\/web\/wp-json\/wp\/v2\/posts\/54539\/revisions"}],"predecessor-version":[{"id":54541,"href":"https:\/\/elterritorialweb.com.ar\/web\/wp-json\/wp\/v2\/posts\/54539\/revisions\/54541"}],"wp:featuredmedia":[{"embeddable":true,"href":"https:\/\/elterritorialweb.com.ar\/web\/wp-json\/wp\/v2\/media\/54540"}],"wp:attachment":[{"href":"https:\/\/elterritorialweb.com.ar\/web\/wp-json\/wp\/v2\/media?parent=54539"}],"wp:term":[{"taxonomy":"category","embeddable":true,"href":"https:\/\/elterritorialweb.com.ar\/web\/wp-json\/wp\/v2\/categories?post=54539"},{"taxonomy":"post_tag","embeddable":true,"href":"https:\/\/elterritorialweb.com.ar\/web\/wp-json\/wp\/v2\/tags?post=54539"}],"curies":[{"name":"wp","href":"https:\/\/api.w.org\/{rel}","templated":true}]}}