{"id":54542,"date":"2023-06-23T15:09:56","date_gmt":"2023-06-23T15:09:56","guid":{"rendered":"http:\/\/elterritorialweb.com.ar\/web\/?p=54542"},"modified":"2023-06-23T15:10:00","modified_gmt":"2023-06-23T15:10:00","slug":"sebastian-villa-intimo-a-boca-juniors-para-que-lo-reincorpore","status":"publish","type":"post","link":"https:\/\/elterritorialweb.com.ar\/web\/sebastian-villa-intimo-a-boca-juniors-para-que-lo-reincorpore\/","title":{"rendered":"SEBASTI\u00c1N VILLA INTIM\u00d3 A BOCA JUNIORS PARA QUE LO REINCORPORE"},"content":{"rendered":"\n<p><strong>Sebasti\u00e1n\u00a0Villa, que fue condenado por violencia de g\u00e9nero\u00a0a 1 a\u00f1o y tres meses de prisi\u00f3n condicional, intim\u00f3 legalmente a Boca para que la insituci\u00f3n la reincorpore<\/strong>\u00a0al plantel de primera. Si el club de la Ribera no accede, se considerar\u00e1 en libertad de acci\u00f3n dentro de 5 d\u00edas.<\/p>\n\n\n\n<p>Tras conocer la decisi\u00f3n de la Justicia argentina por los delitos de lesiones leves y amenazas contra Daniel Cort\u00e9s, la Comisi\u00f3n Directiva de\u00a0Boca emiti\u00f3 un comunicado\u00a0donde inform\u00f3 que\u00a0<strong>el colombiano no volver\u00e1 a ser tenido en cuenta para los partidos del equipo, aunque no se le rescindir\u00e1 el contrato<\/strong>.<\/p>\n\n\n\n<p>Ante esta situaci\u00f3n, el futbolista decidi\u00f3 abandonar el pa\u00eds y en las \u00faltimas horas, surgi\u00f3 la noticia de que int\u00f3 legalmente a Boca, club con el que tiene contrato hasta diciembre de 2024.<\/p>\n\n\n\n<p>\u00ab<strong>Si en el plazo de 5 d\u00edas no lo hacen, el futbolista afirma estar en condiciones de considerarse libre<\/strong>\u00ab, se\u00f1al\u00f3 el periodista C\u00e9sar Luis Merlo en su cuenta de Twitter. Con esta acci\u00f3n, lo que buscar\u00eda el colombiano ser\u00eda encontrar otro club para el cu\u00e1l jugar, aunque hasta el momento no recibi\u00f3 ninguna oferta formal.<\/p>\n\n\n\n<h3 class=\"wp-block-heading\">Sebasti\u00e1n Villa abandon\u00f3 el pa\u00eds tras ser condenado por violencia de g\u00e9nero<\/h3>\n\n\n\n<p>El futbolista&nbsp;<strong>Sebasti\u00e1n Villa<\/strong>&nbsp;<strong>abandon\u00f3 el pa\u00eds en las \u00faltimas horas<\/strong>&nbsp;luego de haber sido condenado a dos a\u00f1os y tres meses de prisi\u00f3n condicional por ejercer<strong>&nbsp;violencia de g\u00e9nero<\/strong>&nbsp;contra su expareja<strong>&nbsp;Daniela Cort\u00e9s<\/strong>.<\/p>\n\n\n\n<p>Seg\u00fan confirmaron, el ex Boca Juniors consigui\u00f3 la autorizaci\u00f3n de la Justicia y viaj\u00f3 a Colombia, donde deber\u00e1 cumplir con las normas legales que se establecieron en el proceso penal.\u00a0<strong>\u00abFue autorizado y viaj\u00f3 a Colombia\u00bb<\/strong>, le confirm\u00f3\u00a0<strong>Mart\u00edn Apolo,\u00a0<\/strong>abogado defensor del jugador a El Destape.<\/p>\n\n\n\n<p>Las mismas indican que el futbolista&nbsp;<strong>no debe intentar cualquier tipo de contacto con la damnificada<\/strong>&nbsp;o con cualquier familiar de la misma. Adem\u00e1s, se le prohibi\u00f3 el uso de estupefacientes y el abuso de bebidas alcoh\u00f3licas o la realizaci\u00f3n de un tratamiento psicosocial, entre otras.<\/p>\n\n\n\n<figure class=\"wp-block-image size-full is-resized\"><a href=\"https:\/\/i0.wp.com\/elterritorialweb.com.ar\/web\/wp-content\/uploads\/2023\/06\/sebastian-villa-condenado.jpg\"><img data-recalc-dims=\"1\" decoding=\"async\" data-src=\"https:\/\/i0.wp.com\/elterritorialweb.com.ar\/web\/wp-content\/uploads\/2023\/06\/sebastian-villa-condenado.jpg?resize=640%2C389\" alt=\"\" class=\"wp-image-54543 lazyload\" width=\"640\" height=\"389\" data-srcset=\"https:\/\/i0.wp.com\/elterritorialweb.com.ar\/web\/wp-content\/uploads\/2023\/06\/sebastian-villa-condenado.jpg?w=600&amp;ssl=1 600w, https:\/\/i0.wp.com\/elterritorialweb.com.ar\/web\/wp-content\/uploads\/2023\/06\/sebastian-villa-condenado.jpg?resize=300%2C183&amp;ssl=1 300w\" data-sizes=\"(max-width: 640px) 100vw, 640px\" src=\"data:image\/svg+xml;base64,PHN2ZyB3aWR0aD0iMSIgaGVpZ2h0PSIxIiB4bWxucz0iaHR0cDovL3d3dy53My5vcmcvMjAwMC9zdmciPjwvc3ZnPg==\" style=\"--smush-placeholder-width: 640px; --smush-placeholder-aspect-ratio: 640\/389;\" \/><\/a><\/figure>\n\n\n\n<p>Pese a ser declarado culpable de los delitos de violencia de g\u00e9nero y abuso sexual con acceso carnal, pudo irse a su pa\u00eds. Tanto los jueces como los fiscales a cargo de las causas\u00a0<strong>no presentaron ninguna solicitud que le proh\u00edba viajar al exterior<\/strong>. Mientras tanto,\u00a0se aguarda que la sentencia quede firme para que Villa se vea obligado a fijar residencia.<\/p>\n\n\n\n<p>En tanto,\u00a0<strong>el juez Javier Mafucci Moore dispuso la elevaci\u00f3n a juicio oral<\/strong>\u00a0de\u00a0la segunda causa contra Sebasti\u00e1n Villa por abuso sexual con acceso carnal. Est\u00e1 imputado por \u2018abuso sexual con acceso carnal\u2019 contra su expareja,\u00a0<strong>Tamara Rold\u00e1n<\/strong>, y en caso de ser encontrado culpable,\u00a0<strong>enfrenta una pena de hasta 15 a\u00f1os de c\u00e1rcel<\/strong>.<\/p>\n\n\n\n<h3 class=\"wp-block-heading\">Qu\u00e9 hacer ante un caso de violencia de g\u00e9nero<\/h3>\n\n\n\n<p>En caso de violencia por motivos de g\u00e9nero, comunicarse&nbsp;<strong>telef\u00f3nicamente con el 144<\/strong>. Se trata de la l\u00ednea nacional gratuita en todo el pa\u00eds que brinda contenci\u00f3n, informaci\u00f3n y asesoramiento. Para casos de riesgo,&nbsp;<strong>llamar al 911.<\/strong><\/p>\n\n\n\n<p>Tambi\u00e9n es posible comunicarse por&nbsp;<strong>WhatsApp al 1127716463 o por mail a linea144@mingeneros.gob.ar.<\/strong><\/p>\n","protected":false},"excerpt":{"rendered":"<p>El delantero, que abandon\u00f3 el pa\u00eds luego de ser condenado a 1 a\u00f1o y tres meses de prisi\u00f3n condicional por violencia de genero, le solicit\u00f3 legalmente al club de la Ribera que lo sume nuevamente al plantel. Si no lo hace en 5 d\u00edas se considerar\u00e1 libre.<\/p>\n","protected":false},"author":2,"featured_media":54544,"comment_status":"open","ping_status":"open","sticky":false,"template":"","format":"standard","meta":{"om_disable_all_campaigns":false,"_monsterinsights_skip_tracking":false,"_monsterinsights_sitenote_active":false,"_monsterinsights_sitenote_note":"","_monsterinsights_sitenote_category":0,"_uf_show_specific_survey":0,"_uf_disable_surveys":false,"jetpack_post_was_ever_published":false,"_jetpack_newsletter_access":"","_jetpack_dont_email_post_to_subs":false,"_jetpack_newsletter_tier_id":0,"_jetpack_memberships_contains_paywalled_content":false,"_jetpack_memberships_contains_paid_content":false,"footnotes":"","jetpack_publicize_message":"","jetpack_publicize_feature_enabled":true,"jetpack_social_post_already_shared":true,"jetpack_social_options":{"image_generator_settings":{"template":"highway","default_image_id":0,"font":"","enabled":false},"version":2}},"categories":[6,4],"tags":[103,343],"class_list":["post-54542","post","type-post","status-publish","format-standard","has-post-thumbnail","hentry","category-deportes","category-destacadas","tag-boca-juniors","tag-sebastian-villa"],"aioseo_notices":[],"views":18,"jetpack_publicize_connections":[],"jetpack_featured_media_url":"https:\/\/i0.wp.com\/elterritorialweb.com.ar\/web\/wp-content\/uploads\/2023\/06\/sebastian-villa.jpg?fit=720%2C410&ssl=1","jetpack_sharing_enabled":true,"_links":{"self":[{"href":"https:\/\/elterritorialweb.com.ar\/web\/wp-json\/wp\/v2\/posts\/54542","targetHints":{"allow":["GET"]}}],"collection":[{"href":"https:\/\/elterritorialweb.com.ar\/web\/wp-json\/wp\/v2\/posts"}],"about":[{"href":"https:\/\/elterritorialweb.com.ar\/web\/wp-json\/wp\/v2\/types\/post"}],"author":[{"embeddable":true,"href":"https:\/\/elterritorialweb.com.ar\/web\/wp-json\/wp\/v2\/users\/2"}],"replies":[{"embeddable":true,"href":"https:\/\/elterritorialweb.com.ar\/web\/wp-json\/wp\/v2\/comments?post=54542"}],"version-history":[{"count":1,"href":"https:\/\/elterritorialweb.com.ar\/web\/wp-json\/wp\/v2\/posts\/54542\/revisions"}],"predecessor-version":[{"id":54545,"href":"https:\/\/elterritorialweb.com.ar\/web\/wp-json\/wp\/v2\/posts\/54542\/revisions\/54545"}],"wp:featuredmedia":[{"embeddable":true,"href":"https:\/\/elterritorialweb.com.ar\/web\/wp-json\/wp\/v2\/media\/54544"}],"wp:attachment":[{"href":"https:\/\/elterritorialweb.com.ar\/web\/wp-json\/wp\/v2\/media?parent=54542"}],"wp:term":[{"taxonomy":"category","embeddable":true,"href":"https:\/\/elterritorialweb.com.ar\/web\/wp-json\/wp\/v2\/categories?post=54542"},{"taxonomy":"post_tag","embeddable":true,"href":"https:\/\/elterritorialweb.com.ar\/web\/wp-json\/wp\/v2\/tags?post=54542"}],"curies":[{"name":"wp","href":"https:\/\/api.w.org\/{rel}","templated":true}]}}