{"id":54568,"date":"2023-06-24T00:32:39","date_gmt":"2023-06-24T00:32:39","guid":{"rendered":"http:\/\/elterritorialweb.com.ar\/web\/?p=54568"},"modified":"2023-06-24T00:32:43","modified_gmt":"2023-06-24T00:32:43","slug":"sergio-massa-y-agustin-rossi-sera-la-formula-presidencial-de-union-por-la-patria","status":"publish","type":"post","link":"https:\/\/elterritorialweb.com.ar\/web\/sergio-massa-y-agustin-rossi-sera-la-formula-presidencial-de-union-por-la-patria\/","title":{"rendered":"SERGIO MASSA Y AGUST\u00cdN ROSSI SER\u00c1 LA F\u00d3RMULA PRESIDENCIAL DE UNI\u00d3N POR LA PATRIA"},"content":{"rendered":"\n<p>A casi 24 horas del cierre de las precandidaturas, finalmente se confirm\u00f3 que\u00a0<strong>Uni\u00f3n por la Patria presentar\u00e1 una lista de unidad<\/strong>\u00a0en las elecciones Primarias Abiertas, Simult\u00e1neas y Obligatorias. La f\u00f3rmula presidencial estar\u00e1 integrada por<strong>\u00a0Sergio Massa y Agust\u00edn Rossi<\/strong>, confirmaron desde ese espacio.<\/p>\n\n\n\n<p>La decisi\u00f3n se tom\u00f3 tras la reuni\u00f3n entre Massa y Cristina Kirchner en el Senado, de la que tambi\u00e9n particip\u00f3 Juan Manuel olmos, hombre de confianza del presidente Alberto Fern\u00e1ndez.<\/p>\n\n\n\n<p>A partir de esto, el ministro de Interior,&nbsp;<strong>Eduardo Wado de Pedro&nbsp;<\/strong>y&nbsp;<strong>Daniel Scioli&nbsp;<\/strong>declinar\u00e1n sus respectivas precandidaturas.<\/p>\n\n\n\n<p><strong>\u00abUni\u00f3n por la Patria tiene lista de UNIDAD. Por responsabilidad institucional, pol\u00edtica y social, nuestro espacio ha decidido conformar una lista de unidad que nos representar\u00e1 en las pr\u00f3ximas elecciones\u00bb<\/strong>, public\u00f3 Uni\u00f3n por la Patria en su cuenta de Twitter.<\/p>\n\n\n\n<figure class=\"wp-block-embed is-type-rich is-provider-twitter wp-block-embed-twitter\"><div class=\"wp-block-embed__wrapper\">\n<div class=\"embed-twitter\"><blockquote class=\"twitter-tweet\" data-width=\"550\" data-dnt=\"true\"><p lang=\"es\" dir=\"ltr\">Uni\u00f3n por la Patria tiene lista de UNIDAD.<br><br>Por responsabilidad institucional, pol\u00edtica y social, nuestro espacio ha decido conformar una lista de unidad que nos representar\u00e1 en las pr\u00f3ximas elecciones.<\/p>&mdash; Uni\u00f3n por la Patria \ud83c\udde6\ud83c\uddf7 (@unionxlapatria) <a href=\"https:\/\/twitter.com\/unionxlapatria\/status\/1672391390683095044?ref_src=twsrc%5Etfw\">June 23, 2023<\/a><\/blockquote><script async src=\"https:\/\/platform.twitter.com\/widgets.js\" charset=\"utf-8\"><\/script><\/div>\n<\/div><\/figure>\n\n\n\n<p>La noticia se conoce al final de una jornada cargada de tensiones y negociaciones en torno a las candidaturas. En una reuni\u00f3n con el presidente Alberto fern\u00e1ndez, los gobernadores insistieron en la necesidad de ir a las PASO con una lista de unidad que exprese una s\u00edntesis del espacio.<\/p>\n\n\n\n<p>De este modo, prim\u00f3 el pedido de los gobernadores, que pidieron por el ministro de Econom\u00eda, mientras que Alberto Fern\u00e1ndez logr\u00f3 tener presencia en la f\u00f3rmula a partir de su jefe de Gabinete.<\/p>\n\n\n\n<p>Este jueves se hab\u00eda anunciado la precandidatura de Wado de Pedro junto a Juan Manzur a trav\u00e9s de un spot publicado en redes sociales, mientras que Daniel Scioli realiz\u00f3 junto a Victoria Tolosa Paz y Nito Artaza un acto de lanzamiento en el teatro ND Ateneo de la Capital Federal.<\/p>\n\n\n\n<p>Finalmente, ambas f\u00f3rmulas se dar\u00e1n de baja y todo en espacio oficialista se encolumnar\u00e1 detr\u00e1s del binomio Massa-Rossi de cara a las elecciones Primarias del 13 de agosto pr\u00f3ximo.<\/p>\n","protected":false},"excerpt":{"rendered":"<p>La informaci\u00f3n fue confirmada tras la reuni\u00f3n entre Massa y Cristina Kirchner. Wado de Pedro y Daniel Scioli bajan sus respectivas precandidaturas.<\/p>\n","protected":false},"author":2,"featured_media":54569,"comment_status":"open","ping_status":"open","sticky":false,"template":"","format":"standard","meta":{"om_disable_all_campaigns":false,"_monsterinsights_skip_tracking":false,"_monsterinsights_sitenote_active":false,"_monsterinsights_sitenote_note":"","_monsterinsights_sitenote_category":0,"_uf_show_specific_survey":0,"_uf_disable_surveys":false,"jetpack_post_was_ever_published":false,"_jetpack_newsletter_access":"","_jetpack_dont_email_post_to_subs":false,"_jetpack_newsletter_tier_id":0,"_jetpack_memberships_contains_paywalled_content":false,"_jetpack_memberships_contains_paid_content":false,"footnotes":"","jetpack_publicize_message":"","jetpack_publicize_feature_enabled":true,"jetpack_social_post_already_shared":true,"jetpack_social_options":{"image_generator_settings":{"template":"highway","default_image_id":0,"font":"","enabled":false},"version":2}},"categories":[4,18],"tags":[355,356,68,272],"class_list":["post-54568","post","type-post","status-publish","format-standard","has-post-thumbnail","hentry","category-destacadas","category-politica","tag-agustin-rossi","tag-formula-presidencial","tag-sergio-massa","tag-union-por-la-patria"],"aioseo_notices":[],"views":9,"jetpack_publicize_connections":[],"jetpack_featured_media_url":"https:\/\/i0.wp.com\/elterritorialweb.com.ar\/web\/wp-content\/uploads\/2023\/06\/massa-rossi.webp?fit=714%2C386&ssl=1","jetpack_sharing_enabled":true,"_links":{"self":[{"href":"https:\/\/elterritorialweb.com.ar\/web\/wp-json\/wp\/v2\/posts\/54568","targetHints":{"allow":["GET"]}}],"collection":[{"href":"https:\/\/elterritorialweb.com.ar\/web\/wp-json\/wp\/v2\/posts"}],"about":[{"href":"https:\/\/elterritorialweb.com.ar\/web\/wp-json\/wp\/v2\/types\/post"}],"author":[{"embeddable":true,"href":"https:\/\/elterritorialweb.com.ar\/web\/wp-json\/wp\/v2\/users\/2"}],"replies":[{"embeddable":true,"href":"https:\/\/elterritorialweb.com.ar\/web\/wp-json\/wp\/v2\/comments?post=54568"}],"version-history":[{"count":1,"href":"https:\/\/elterritorialweb.com.ar\/web\/wp-json\/wp\/v2\/posts\/54568\/revisions"}],"predecessor-version":[{"id":54570,"href":"https:\/\/elterritorialweb.com.ar\/web\/wp-json\/wp\/v2\/posts\/54568\/revisions\/54570"}],"wp:featuredmedia":[{"embeddable":true,"href":"https:\/\/elterritorialweb.com.ar\/web\/wp-json\/wp\/v2\/media\/54569"}],"wp:attachment":[{"href":"https:\/\/elterritorialweb.com.ar\/web\/wp-json\/wp\/v2\/media?parent=54568"}],"wp:term":[{"taxonomy":"category","embeddable":true,"href":"https:\/\/elterritorialweb.com.ar\/web\/wp-json\/wp\/v2\/categories?post=54568"},{"taxonomy":"post_tag","embeddable":true,"href":"https:\/\/elterritorialweb.com.ar\/web\/wp-json\/wp\/v2\/tags?post=54568"}],"curies":[{"name":"wp","href":"https:\/\/api.w.org\/{rel}","templated":true}]}}