{"id":54571,"date":"2023-06-24T02:18:26","date_gmt":"2023-06-24T02:18:26","guid":{"rendered":"http:\/\/elterritorialweb.com.ar\/web\/?p=54571"},"modified":"2023-06-24T02:18:29","modified_gmt":"2023-06-24T02:18:29","slug":"rotundo-apoyo-de-la-cgt-a-la-formula-presidencial-massa-rossi","status":"publish","type":"post","link":"https:\/\/elterritorialweb.com.ar\/web\/rotundo-apoyo-de-la-cgt-a-la-formula-presidencial-massa-rossi\/","title":{"rendered":"ROTUNDO APOYO DE LA CGT A LA FORMULA PRESIDENCIAL MASSA-ROSSI"},"content":{"rendered":"\n<p>La<strong>\u00a0Confederaci\u00f3n General del Trabajo (CGT)\u00a0<\/strong>se expres\u00f3 este viernes por la noche, luego de que Uni\u00f3n por la Patria comunicar\u00e1\u00a0la f\u00f3rmula de unidad compuesta por Sergio Massa y Agust\u00edn Rossi, y expres\u00f3 su total apoyo a la misma.<\/p>\n\n\n\n<p>\u00abLa Confederaci\u00f3n General del Trabajo saluda el compromiso y la responsabilidad del espacio Uni\u00f3n por la Patria al comunicar que el peronismo se presentar\u00e1 en las pr\u00f3ximas elecciones con una lista de unidad\u00bb, se\u00f1alaron en un comunicado publicado por el triunviro\u00a0<strong>H\u00e9ctor Daer<\/strong>, en su cuenta oficial de Twitter.<\/p>\n\n\n\n<p>En ese sentido, indicaron que \u00abvaloramos el esfuerzo de todos los dirigentes que han trabajado por alcanzar el objetivo y la oportunidad de ofrecer una opci\u00f3n de consenso\u00bb.<\/p>\n\n\n\n<p>\u00ab<strong>Cuando el peronismo fue unido, gan\u00f3 las elecciones<\/strong>\u00ab, destacaron y apoyaron \u00ab<strong>la s\u00edntesis alcanzada<\/strong>\u00a0por nuestro espacio y a\u00a0<strong>la decisi\u00f3n de que la f\u00f3rmula compuesta por Sergio Massa y Agust\u00edn Rossi<\/strong>\u00a0sea la que represente al peronismo en el pr\u00f3ximo proceso electoral\u00bb.<\/p>\n\n\n\n<figure class=\"wp-block-image size-full is-resized\"><a href=\"https:\/\/i0.wp.com\/elterritorialweb.com.ar\/web\/wp-content\/uploads\/2023\/06\/comunicado-cgt.webp\"><img data-recalc-dims=\"1\" decoding=\"async\" data-src=\"https:\/\/i0.wp.com\/elterritorialweb.com.ar\/web\/wp-content\/uploads\/2023\/06\/comunicado-cgt.webp?resize=640%2C781\" alt=\"\" class=\"wp-image-54572 lazyload\" width=\"640\" height=\"781\" src=\"data:image\/svg+xml;base64,PHN2ZyB3aWR0aD0iMSIgaGVpZ2h0PSIxIiB4bWxucz0iaHR0cDovL3d3dy53My5vcmcvMjAwMC9zdmciPjwvc3ZnPg==\" style=\"--smush-placeholder-width: 640px; --smush-placeholder-aspect-ratio: 640\/781;\" \/><\/a><\/figure>\n\n\n\n<p>Minutos despu\u00e9s, el secretario general de Sanidad escribi\u00f3 otro twitt donde destac\u00f3: \u00ab<strong>Esta es la f\u00f3rmula que garantiza la protecci\u00f3n de los derechos laborales y sociales del pueblo argentino<\/strong>\u00ab.<\/p>\n\n\n\n<figure class=\"wp-block-embed is-type-rich is-provider-twitter wp-block-embed-twitter\"><div class=\"wp-block-embed__wrapper\">\n<blockquote class=\"twitter-tweet\" data-width=\"550\" data-dnt=\"true\"><p lang=\"es\" dir=\"ltr\">Con mucha alegr\u00eda celebro la unidad del peronismo expresada en la f\u00f3rmula presidencial de <a href=\"https:\/\/twitter.com\/unionxlapatria?ref_src=twsrc%5Etfw\">@unionxlapatria<\/a> con los compa\u00f1eros <a href=\"https:\/\/twitter.com\/SergioMassa?ref_src=twsrc%5Etfw\">@sergiomassa<\/a> y <a href=\"https:\/\/twitter.com\/RossiAgustinOk?ref_src=twsrc%5Etfw\">@rossiagustinok<\/a>. Esta es la f\u00f3rmula que garantiza la protecci\u00f3n de los derechos laborales y sociales del pueblo argentino.<\/p>&mdash; H\u00e9ctor Daer (@hectordaer) <a href=\"https:\/\/twitter.com\/hectordaer\/status\/1672404565176582144?ref_src=twsrc%5Etfw\">June 24, 2023<\/a><\/blockquote><script async src=\"https:\/\/platform.twitter.com\/widgets.js\" charset=\"utf-8\"><\/script>\n<\/div><\/figure>\n","protected":false},"excerpt":{"rendered":"<p>\u00abCuando el peronismo fue unido, gan\u00f3 las elecciones\u00bb, remarc\u00f3 la central obrera en un comunicado.<\/p>\n","protected":false},"author":2,"featured_media":54573,"comment_status":"open","ping_status":"open","sticky":false,"template":"","format":"standard","meta":{"om_disable_all_campaigns":false,"_monsterinsights_skip_tracking":false,"_monsterinsights_sitenote_active":false,"_monsterinsights_sitenote_note":"","_monsterinsights_sitenote_category":0,"_uf_show_specific_survey":0,"_uf_disable_surveys":false,"jetpack_post_was_ever_published":false,"_jetpack_newsletter_access":"","_jetpack_dont_email_post_to_subs":false,"_jetpack_newsletter_tier_id":0,"_jetpack_memberships_contains_paywalled_content":false,"_jetpack_memberships_contains_paid_content":false,"footnotes":"","jetpack_publicize_message":"","jetpack_publicize_feature_enabled":true,"jetpack_social_post_already_shared":true,"jetpack_social_options":{"image_generator_settings":{"template":"highway","default_image_id":0,"font":"","enabled":false},"version":2}},"categories":[4,18],"tags":[355,259,358,68],"class_list":["post-54571","post","type-post","status-publish","format-standard","has-post-thumbnail","hentry","category-destacadas","category-politica","tag-agustin-rossi","tag-cgt","tag-formula-presidencial-2","tag-sergio-massa"],"aioseo_notices":[],"views":11,"jetpack_publicize_connections":[],"jetpack_featured_media_url":"https:\/\/i0.wp.com\/elterritorialweb.com.ar\/web\/wp-content\/uploads\/2023\/06\/CGT-APOYO-FORMULA.jpg?fit=1600%2C1067&ssl=1","jetpack_sharing_enabled":true,"_links":{"self":[{"href":"https:\/\/elterritorialweb.com.ar\/web\/wp-json\/wp\/v2\/posts\/54571","targetHints":{"allow":["GET"]}}],"collection":[{"href":"https:\/\/elterritorialweb.com.ar\/web\/wp-json\/wp\/v2\/posts"}],"about":[{"href":"https:\/\/elterritorialweb.com.ar\/web\/wp-json\/wp\/v2\/types\/post"}],"author":[{"embeddable":true,"href":"https:\/\/elterritorialweb.com.ar\/web\/wp-json\/wp\/v2\/users\/2"}],"replies":[{"embeddable":true,"href":"https:\/\/elterritorialweb.com.ar\/web\/wp-json\/wp\/v2\/comments?post=54571"}],"version-history":[{"count":1,"href":"https:\/\/elterritorialweb.com.ar\/web\/wp-json\/wp\/v2\/posts\/54571\/revisions"}],"predecessor-version":[{"id":54574,"href":"https:\/\/elterritorialweb.com.ar\/web\/wp-json\/wp\/v2\/posts\/54571\/revisions\/54574"}],"wp:featuredmedia":[{"embeddable":true,"href":"https:\/\/elterritorialweb.com.ar\/web\/wp-json\/wp\/v2\/media\/54573"}],"wp:attachment":[{"href":"https:\/\/elterritorialweb.com.ar\/web\/wp-json\/wp\/v2\/media?parent=54571"}],"wp:term":[{"taxonomy":"category","embeddable":true,"href":"https:\/\/elterritorialweb.com.ar\/web\/wp-json\/wp\/v2\/categories?post=54571"},{"taxonomy":"post_tag","embeddable":true,"href":"https:\/\/elterritorialweb.com.ar\/web\/wp-json\/wp\/v2\/tags?post=54571"}],"curies":[{"name":"wp","href":"https:\/\/api.w.org\/{rel}","templated":true}]}}