{"id":54581,"date":"2023-06-24T02:43:24","date_gmt":"2023-06-24T02:43:24","guid":{"rendered":"http:\/\/elterritorialweb.com.ar\/web\/?p=54581"},"modified":"2023-06-24T02:43:27","modified_gmt":"2023-06-24T02:43:27","slug":"narcomenudeo-secuestran-mas-de-80-dosis-de-cocaina-y-detienen-a-dos-personas","status":"publish","type":"post","link":"https:\/\/elterritorialweb.com.ar\/web\/narcomenudeo-secuestran-mas-de-80-dosis-de-cocaina-y-detienen-a-dos-personas\/","title":{"rendered":"NARCOMENUDEO: SECUESTRAN M\u00c1S DE 80 DOSIS DE COCA\u00cdNA Y DETIENEN A DOS PERSONAS"},"content":{"rendered":"\n<p>El procedimiento conto con la colaboraci\u00f3n del grupo especial USAR26 y se llev\u00f3 a cabo en una vivienda del barrio Sarmiento como resultado de una ardua investigaci\u00f3n.<\/p>\n\n\n\n<p>En <a><\/a>el lugar, lograron la detenci\u00f3n de un hombre y de una mujer por infracci\u00f3n a la Ley 23.737 en perjuicio de la Salud Publica.<\/p>\n\n\n\n<p>En la requisa secuestraron; 89 envoltorios fraccionados y Dos envoltorios compactados listos para su comercializaci\u00f3n, $ 278.350 , una pistola Marca Bersa Cal. 22, una moto, elementos de corte, cinco tel\u00e9fonos y una filmadora.<\/p>\n\n\n\n<p>La medida judicial fue autorizada por el Dr. Mar\u00eda Del Huerto B. Suarez, Juez de Control y Garant\u00edas Circunscripci\u00f3n Capital y con la intervenci\u00f3n de la Unidad de Lucha contra el Narcotr\u00e1fico Circunscripci\u00f3n Capital Dr. Alende Juan.<\/p>\n","protected":false},"excerpt":{"rendered":"<p>La Direcci\u00f3n Gral. Drogas Peligrosas realizo un allanamiento en el barrio Sarmiento de la ciudad Capital, secuestro m\u00e1s 84 dosis de coca\u00edna, dinero en efectivo, un arma de fuego y una moto. Adem\u00e1s, fueron aprendido dos personas.<\/p>\n","protected":false},"author":2,"featured_media":54582,"comment_status":"open","ping_status":"open","sticky":false,"template":"","format":"standard","meta":{"om_disable_all_campaigns":false,"_monsterinsights_skip_tracking":false,"_monsterinsights_sitenote_active":false,"_monsterinsights_sitenote_note":"","_monsterinsights_sitenote_category":0,"_uf_show_specific_survey":0,"_uf_disable_surveys":false,"jetpack_post_was_ever_published":false,"_jetpack_newsletter_access":"","_jetpack_dont_email_post_to_subs":false,"_jetpack_newsletter_tier_id":0,"_jetpack_memberships_contains_paywalled_content":false,"_jetpack_memberships_contains_paid_content":false,"footnotes":"","jetpack_publicize_message":"","jetpack_publicize_feature_enabled":true,"jetpack_social_post_already_shared":true,"jetpack_social_options":{"image_generator_settings":{"template":"highway","default_image_id":0,"font":"","enabled":false},"version":2}},"categories":[36],"tags":[359,279],"class_list":["post-54581","post","type-post","status-publish","format-standard","has-post-thumbnail","hentry","category-policiales","tag-narcomenudeo","tag-policia-de-santiago-delestero"],"aioseo_notices":[],"views":18,"jetpack_publicize_connections":[],"jetpack_featured_media_url":"https:\/\/i0.wp.com\/elterritorialweb.com.ar\/web\/wp-content\/uploads\/2023\/06\/1010x567_detenido-narcomenudeo-452710-220257-e1687574595252.jpg?fit=527%2C567&ssl=1","jetpack_sharing_enabled":true,"_links":{"self":[{"href":"https:\/\/elterritorialweb.com.ar\/web\/wp-json\/wp\/v2\/posts\/54581","targetHints":{"allow":["GET"]}}],"collection":[{"href":"https:\/\/elterritorialweb.com.ar\/web\/wp-json\/wp\/v2\/posts"}],"about":[{"href":"https:\/\/elterritorialweb.com.ar\/web\/wp-json\/wp\/v2\/types\/post"}],"author":[{"embeddable":true,"href":"https:\/\/elterritorialweb.com.ar\/web\/wp-json\/wp\/v2\/users\/2"}],"replies":[{"embeddable":true,"href":"https:\/\/elterritorialweb.com.ar\/web\/wp-json\/wp\/v2\/comments?post=54581"}],"version-history":[{"count":1,"href":"https:\/\/elterritorialweb.com.ar\/web\/wp-json\/wp\/v2\/posts\/54581\/revisions"}],"predecessor-version":[{"id":54583,"href":"https:\/\/elterritorialweb.com.ar\/web\/wp-json\/wp\/v2\/posts\/54581\/revisions\/54583"}],"wp:featuredmedia":[{"embeddable":true,"href":"https:\/\/elterritorialweb.com.ar\/web\/wp-json\/wp\/v2\/media\/54582"}],"wp:attachment":[{"href":"https:\/\/elterritorialweb.com.ar\/web\/wp-json\/wp\/v2\/media?parent=54581"}],"wp:term":[{"taxonomy":"category","embeddable":true,"href":"https:\/\/elterritorialweb.com.ar\/web\/wp-json\/wp\/v2\/categories?post=54581"},{"taxonomy":"post_tag","embeddable":true,"href":"https:\/\/elterritorialweb.com.ar\/web\/wp-json\/wp\/v2\/tags?post=54581"}],"curies":[{"name":"wp","href":"https:\/\/api.w.org\/{rel}","templated":true}]}}