{"id":54584,"date":"2023-06-24T03:01:22","date_gmt":"2023-06-24T03:01:22","guid":{"rendered":"http:\/\/elterritorialweb.com.ar\/web\/?p=54584"},"modified":"2023-06-24T03:01:50","modified_gmt":"2023-06-24T03:01:50","slug":"nutrida-agenda-cultural-gratuita-para-este-fin-de-semana","status":"publish","type":"post","link":"https:\/\/elterritorialweb.com.ar\/web\/nutrida-agenda-cultural-gratuita-para-este-fin-de-semana\/","title":{"rendered":"NUTRIDA AGENDA CULTURAL GRATUITA PARA ESTE F\u00cdN DE SEMANA"},"content":{"rendered":"\n<p>Este s\u00e1bado <strong>24 de junio<\/strong> a partir de las <strong>11 de la ma\u00f1ana<\/strong> en la <strong>Plaza Libertad<\/strong>, se realizar\u00e1 una nueva edici\u00f3n del <strong>ciclo \u201cTango en la Retreta\u201d<\/strong>, con la presentaci\u00f3n exclusiva de <strong>Alberto \u201cLechuga\u201d Jer\u00e9z<\/strong>, quien se encuentra <strong>celebrando sus 40 a\u00f1os en el tango<\/strong> y presentar\u00e1 como parte de su actuaci\u00f3n un homenaje a Carlos Gardel.<\/p>\n\n\n\n<p>Ese <strong>mismo d\u00eda<\/strong> a partir de las <strong>17 horas<\/strong> se realizar\u00e1 la celebraci\u00f3n del Inti Raymi en el Anfiteatro de la Pachamama del<strong> Parque del Encuentro<\/strong>, que contar\u00e1 con la actuaci\u00f3n de la Agrupaci\u00f3n Canto Quichua Santiague\u00f1o, conformada por Mari Sandoval, el D\u00fao Quichuamanta, Alejandro I\u00f1\u00edguez y el D\u00fao Sergio y Alcira.<\/p>\n\n\n\n<p>En tanto<strong>, desde las 18 <\/strong>se realizar\u00e1 otra entrega del<strong> Ciclo de Cine Debate en la Casa de la Historia y la Cultura del Bicentenario<\/strong>, con la proyecci\u00f3n de la multipremiada <strong>pel\u00edcula espa\u00f1ola \u201cAs Bestas\u201d (Las Bestias, 2022) <\/strong>dirigida por Rodrigo Sorogoyen.<\/p>\n\n\n\n<p>Finalmente, <strong>a partir de las 21<\/strong> en la <strong>explanada de la Municipalidad<\/strong> se realizar\u00e1 el espect\u00e1culo musical <strong>\u201cHomenaje al Cuchi Leguizam\u00f3n y al D\u00fao Salte\u00f1o\u201d<\/strong>, a cargo de Gustavo Hern\u00e1ndez y Ana Pe\u00f1a, quienes conforman el d\u00fao \u201cDe estar estando\u201d.<\/p>\n\n\n\n<p>Por su parte, el d\u00eda<strong> domingo 25<\/strong> <strong>desde las 16<\/strong>, se desarrollar\u00e1 la tradicional<strong> feria de la Casa del Bicentenario <\/strong>con el <strong>concierto<\/strong> del reconocido m\u00fasico <strong>Mariano \u201cCone\u201d Sarquiz<\/strong>, quien presentar\u00e1 un interesante repertorio en el marco del <strong>\u201cCiclo de Recitales Sadaic\u201d<\/strong>.<\/p>\n\n\n\n<p>Adem\u00e1s, desde las <strong>17 horas<\/strong>, <strong>artistas locales<\/strong> interpretar\u00e1n<strong> \u201cEl amor despu\u00e9s del amor\u201d<\/strong>, uno de los discos esenciales de la m\u00fasica nacional, como <strong>homenaje a la obra de Fito P\u00e1ez<\/strong>. El concierto se realizar\u00e1 en el Anfiteatro de la Pachamama del <strong>Parque del Encuentro<\/strong> con la participaci\u00f3n de los m\u00fasicos y m\u00fasicas Jorge Su\u00e1rez, \u201cPony\u201d Galv\u00e1n, Flor Lobo, Toto L\u00f3pez, Cachi Collado, Vale Facelli, Diego G\u00f3mez, Cristian P\u00e1ez, Pablo Araujo y Ren\u00e9 Mansilla.<\/p>\n\n\n\n<p>Esta importante agenda da cuenta del fomento de las expresiones art\u00edsticas y culturales como pol\u00edtica de Estado de la Municipalidad de la Capital y el permanente apoyo de la Intendente, Ing. Norma Fuentes, a las y los artistas locales.<\/p>\n","protected":false},"excerpt":{"rendered":"<p>La Subsecretar\u00eda de Cultura y Turismo y la Direcci\u00f3n de Cultura de la Municipalidad de la Capital proponen para este s\u00e1bado y domingo una intensa agenda de eventos culturales destinados a toda la familia, con entrada libre y gratuita.<\/p>\n","protected":false},"author":2,"featured_media":52490,"comment_status":"open","ping_status":"open","sticky":false,"template":"","format":"standard","meta":{"om_disable_all_campaigns":false,"_monsterinsights_skip_tracking":false,"_monsterinsights_sitenote_active":false,"_monsterinsights_sitenote_note":"","_monsterinsights_sitenote_category":0,"_uf_show_specific_survey":0,"_uf_disable_surveys":false,"jetpack_post_was_ever_published":false,"_jetpack_newsletter_access":"","_jetpack_dont_email_post_to_subs":false,"_jetpack_newsletter_tier_id":0,"_jetpack_memberships_contains_paywalled_content":false,"_jetpack_memberships_contains_paid_content":false,"footnotes":"","jetpack_publicize_message":"","jetpack_publicize_feature_enabled":true,"jetpack_social_post_already_shared":true,"jetpack_social_options":{"image_generator_settings":{"template":"highway","default_image_id":0,"font":"","enabled":false},"version":2}},"categories":[20],"tags":[360,73],"class_list":["post-54584","post","type-post","status-publish","format-standard","has-post-thumbnail","hentry","category-especysociales","tag-agenda-cultural-gratuita","tag-municipalidad-de-la-capital"],"aioseo_notices":[],"views":11,"jetpack_publicize_connections":[],"jetpack_featured_media_url":"https:\/\/i0.wp.com\/elterritorialweb.com.ar\/web\/wp-content\/uploads\/2023\/05\/horario-parque-del-encuentro.jpg?fit=2048%2C1542&ssl=1","jetpack_sharing_enabled":true,"_links":{"self":[{"href":"https:\/\/elterritorialweb.com.ar\/web\/wp-json\/wp\/v2\/posts\/54584","targetHints":{"allow":["GET"]}}],"collection":[{"href":"https:\/\/elterritorialweb.com.ar\/web\/wp-json\/wp\/v2\/posts"}],"about":[{"href":"https:\/\/elterritorialweb.com.ar\/web\/wp-json\/wp\/v2\/types\/post"}],"author":[{"embeddable":true,"href":"https:\/\/elterritorialweb.com.ar\/web\/wp-json\/wp\/v2\/users\/2"}],"replies":[{"embeddable":true,"href":"https:\/\/elterritorialweb.com.ar\/web\/wp-json\/wp\/v2\/comments?post=54584"}],"version-history":[{"count":2,"href":"https:\/\/elterritorialweb.com.ar\/web\/wp-json\/wp\/v2\/posts\/54584\/revisions"}],"predecessor-version":[{"id":54586,"href":"https:\/\/elterritorialweb.com.ar\/web\/wp-json\/wp\/v2\/posts\/54584\/revisions\/54586"}],"wp:featuredmedia":[{"embeddable":true,"href":"https:\/\/elterritorialweb.com.ar\/web\/wp-json\/wp\/v2\/media\/52490"}],"wp:attachment":[{"href":"https:\/\/elterritorialweb.com.ar\/web\/wp-json\/wp\/v2\/media?parent=54584"}],"wp:term":[{"taxonomy":"category","embeddable":true,"href":"https:\/\/elterritorialweb.com.ar\/web\/wp-json\/wp\/v2\/categories?post=54584"},{"taxonomy":"post_tag","embeddable":true,"href":"https:\/\/elterritorialweb.com.ar\/web\/wp-json\/wp\/v2\/tags?post=54584"}],"curies":[{"name":"wp","href":"https:\/\/api.w.org\/{rel}","templated":true}]}}