{"id":54587,"date":"2023-06-24T03:53:53","date_gmt":"2023-06-24T03:53:53","guid":{"rendered":"http:\/\/elterritorialweb.com.ar\/web\/?p=54587"},"modified":"2023-06-24T18:06:58","modified_gmt":"2023-06-24T18:06:58","slug":"maky-rojas-presenta-de-los-besos-que-te-di-junto-a-hernan-mattei-de-chaparral","status":"publish","type":"post","link":"https:\/\/elterritorialweb.com.ar\/web\/maky-rojas-presenta-de-los-besos-que-te-di-junto-a-hernan-mattei-de-chaparral\/","title":{"rendered":"MAKI ROJAS PRESENTA \u00abDE LOS BESOS QUE TE DI\u00bb JUNTO A HERN\u00c1N MATTEI DE CHAPARRAL"},"content":{"rendered":"\n<p>El amor por el arte la llev\u00f3 a Maki a estudiar y recibirse de profesora de danzas (E.S.P.E.A N\u00b0 1 \u201cNicol\u00e1s Segundo G\u00e9nero\u201d), pero hace unos a\u00f1os la m\u00fasica como sonido la llev\u00f3 por los escenarios. Tuvo la oportunidad de estar presente en septiembre pasado en los festejos por el Aniversario de la Ciudad de La Banda, en abril form\u00f3 parte de la obra \u201cLos Magn\u00edficos del Humor\u201d en el Teatro 25 de Mayo junto a humoristas como Pochi Ch\u00e1vez, Carlos Cianferoni, Capuch\u00f3n Gonz\u00e1lez, y los cantantes Dar\u00edo Jimenez y Hugo More. Asi tambi\u00e9n, particip\u00f3 del Festival Nacional de La Salamanca.<\/p>\n\n\n\n<p>Fue convocada adem\u00e1s desde el programa \u201cSuena Cultura\u201d por subsecretar\u00eda de Cultura de la provincia, en articulaci\u00f3n con la asociaci\u00f3n m\u00fasica de mujeres, para grabar su primer material discogr\u00e1fico, que tambi\u00e9n se encuentra publicado en su cuenta de YouTube, <a href=\"https:\/\/youtube.com\/@makirojas\">https:\/\/youtube.com\/@makirojas<\/a>.<\/p>\n\n\n\n<p>Por su parte, Chaparral es una de las agrupaciones de m\u00fasica tropical con gran \u00e9xito en Argentina, y en pa\u00edses vecinos. \u00bb Palabras del Alma\u00bb, \u00abPersona Ideal\u00bb o \u00abTe Conozco Bien\u00bb, son algunas de los himnos que realiz\u00f3 la banda. Ahora se le suma esta colaboraci\u00f3n con Maki Rojas, la cantante oriunda de la ciudad de La Banda que crece a paso firme.<\/p>\n\n\n\n<figure class=\"wp-block-embed is-type-video is-provider-youtube wp-block-embed-youtube wp-embed-aspect-16-9 wp-has-aspect-ratio\"><div class=\"wp-block-embed__wrapper\">\n<iframe title=\"Maki Rojas, Hern\u00e1n Mattei (Chaparral) - DE LOS BESOS QUE TE DI\" width=\"640\" height=\"360\" data-src=\"https:\/\/www.youtube.com\/embed\/aSnxO6xKZxQ?feature=oembed\" frameborder=\"0\" allow=\"accelerometer; autoplay; clipboard-write; encrypted-media; gyroscope; picture-in-picture; web-share\" referrerpolicy=\"strict-origin-when-cross-origin\" allowfullscreen src=\"data:image\/svg+xml;base64,PHN2ZyB3aWR0aD0iMSIgaGVpZ2h0PSIxIiB4bWxucz0iaHR0cDovL3d3dy53My5vcmcvMjAwMC9zdmciPjwvc3ZnPg==\" class=\"lazyload\" data-load-mode=\"1\"><\/iframe>\n<\/div><\/figure>\n\n\n\n<p><\/p>\n","protected":false},"excerpt":{"rendered":"<p>Desde las 20 horas se podr\u00e1 disfrutar en la plataforma de Youtube, en la cuenta de Maki Rojas, del tema de cumbia compuesta por Jos\u00e9 Esparza y Gussy Lau, autores muy reconocidos del regional mexicano actual. Cabe destacar que la canci\u00f3n la populariz\u00f3 hace unos a\u00f1os el multipremiado artista Cristian Nodal.<\/p>\n","protected":false},"author":2,"featured_media":54588,"comment_status":"open","ping_status":"open","sticky":false,"template":"","format":"standard","meta":{"om_disable_all_campaigns":false,"_monsterinsights_skip_tracking":false,"_monsterinsights_sitenote_active":false,"_monsterinsights_sitenote_note":"","_monsterinsights_sitenote_category":0,"_uf_show_specific_survey":0,"_uf_disable_surveys":false,"jetpack_post_was_ever_published":false,"_jetpack_newsletter_access":"","_jetpack_dont_email_post_to_subs":false,"_jetpack_newsletter_tier_id":0,"_jetpack_memberships_contains_paywalled_content":false,"_jetpack_memberships_contains_paid_content":false,"footnotes":"","jetpack_publicize_message":"","jetpack_publicize_feature_enabled":true,"jetpack_social_post_already_shared":true,"jetpack_social_options":{"image_generator_settings":{"template":"highway","default_image_id":0,"font":"","enabled":false},"version":2}},"categories":[20],"tags":[],"class_list":["post-54587","post","type-post","status-publish","format-standard","has-post-thumbnail","hentry","category-especysociales"],"aioseo_notices":[],"views":26,"jetpack_publicize_connections":[],"jetpack_featured_media_url":"https:\/\/i0.wp.com\/elterritorialweb.com.ar\/web\/wp-content\/uploads\/2023\/06\/IMG-20230623-WA0029.jpg?fit=458%2C415&ssl=1","jetpack_sharing_enabled":true,"_links":{"self":[{"href":"https:\/\/elterritorialweb.com.ar\/web\/wp-json\/wp\/v2\/posts\/54587","targetHints":{"allow":["GET"]}}],"collection":[{"href":"https:\/\/elterritorialweb.com.ar\/web\/wp-json\/wp\/v2\/posts"}],"about":[{"href":"https:\/\/elterritorialweb.com.ar\/web\/wp-json\/wp\/v2\/types\/post"}],"author":[{"embeddable":true,"href":"https:\/\/elterritorialweb.com.ar\/web\/wp-json\/wp\/v2\/users\/2"}],"replies":[{"embeddable":true,"href":"https:\/\/elterritorialweb.com.ar\/web\/wp-json\/wp\/v2\/comments?post=54587"}],"version-history":[{"count":4,"href":"https:\/\/elterritorialweb.com.ar\/web\/wp-json\/wp\/v2\/posts\/54587\/revisions"}],"predecessor-version":[{"id":54606,"href":"https:\/\/elterritorialweb.com.ar\/web\/wp-json\/wp\/v2\/posts\/54587\/revisions\/54606"}],"wp:featuredmedia":[{"embeddable":true,"href":"https:\/\/elterritorialweb.com.ar\/web\/wp-json\/wp\/v2\/media\/54588"}],"wp:attachment":[{"href":"https:\/\/elterritorialweb.com.ar\/web\/wp-json\/wp\/v2\/media?parent=54587"}],"wp:term":[{"taxonomy":"category","embeddable":true,"href":"https:\/\/elterritorialweb.com.ar\/web\/wp-json\/wp\/v2\/categories?post=54587"},{"taxonomy":"post_tag","embeddable":true,"href":"https:\/\/elterritorialweb.com.ar\/web\/wp-json\/wp\/v2\/tags?post=54587"}],"curies":[{"name":"wp","href":"https:\/\/api.w.org\/{rel}","templated":true}]}}