{"id":54607,"date":"2023-06-24T18:56:26","date_gmt":"2023-06-24T18:56:26","guid":{"rendered":"http:\/\/elterritorialweb.com.ar\/web\/?p=54607"},"modified":"2023-06-24T18:56:28","modified_gmt":"2023-06-24T18:56:28","slug":"nediani-visito-las-obras-de-mantenimiento-de-desagues-pluviales-de-la-ciudad","status":"publish","type":"post","link":"https:\/\/elterritorialweb.com.ar\/web\/nediani-visito-las-obras-de-mantenimiento-de-desagues-pluviales-de-la-ciudad\/","title":{"rendered":"NEDIANI VISIT\u00d3 LAS OBRAS DE MANTENIMIENTO DE DESAG\u00dcES PLUVIALES DE LA CIUDAD"},"content":{"rendered":"\n<p>El objetivo principal es realizar la limpieza, desenlame y desmarque de aproximadamente 300 metros de desag\u00fce de la zona, donde adem\u00e1s se est\u00e1 construyendo un alcantarillado que se conectar\u00e1 con la Ruta Provincial N\u00b01 permitiendo que el agua acumulada durante las intensas precipitaciones, pueda ser desviada hacia un lugar adecuado y evitar problemas de inundaciones en el barrio.<\/p>\n\n\n\n<p>En este sentido, el intendente destac\u00f3 que este tipo de actividades se vienen realizando a lo largo del a\u00f1o como parte de un programa de trabajo enfocado en la recuperaci\u00f3n y limpieza de los desag\u00fces pluviales en la ciudad, acciones que tienen como objetivo prevenir problemas futuros durante la temporada de lluvias y mejorar la infraestructura en general.<br>Asimismo, el funcionario resalt\u00f3 la importancia de la colaboraci\u00f3n ciudadana en este proceso, instando a los vecinos a no arrojar residuos en los desag\u00fces y mantenerlos limpios, haciendo hincapi\u00e9 en que \u00abel compromiso y cuidado por parte de los vecinos, es fundamental para evitar obstrucciones y permitir el correcto flujo de las aguas en caso de lluvias\u00bb.<br>Con estos trabajos, la gesti\u00f3n municipal busca garantizar la efectividad de los sistemas pluviales en la ciudad y mejorar la calidad de vida de los vecinos, evitando situaciones de anegamiento y contribuyendo al bienestar de la comunidad.<\/p>\n","protected":false},"excerpt":{"rendered":"<p>El intendente de la ciudad de La Banda, Roger Nediani visit\u00f3 los trabajos, enfocados en la recuperaci\u00f3n y mantenimiento de los desag\u00fces pluviales en el barrio Ampliaci\u00f3n Primero de Mayo.<\/p>\n","protected":false},"author":2,"featured_media":54608,"comment_status":"open","ping_status":"open","sticky":false,"template":"","format":"standard","meta":{"om_disable_all_campaigns":false,"_monsterinsights_skip_tracking":false,"_monsterinsights_sitenote_active":false,"_monsterinsights_sitenote_note":"","_monsterinsights_sitenote_category":0,"_uf_show_specific_survey":0,"_uf_disable_surveys":false,"jetpack_post_was_ever_published":false,"_jetpack_newsletter_access":"","_jetpack_dont_email_post_to_subs":false,"_jetpack_newsletter_tier_id":0,"_jetpack_memberships_contains_paywalled_content":false,"_jetpack_memberships_contains_paid_content":false,"footnotes":"","jetpack_publicize_message":"","jetpack_publicize_feature_enabled":true,"jetpack_social_post_already_shared":true,"jetpack_social_options":{"image_generator_settings":{"template":"highway","default_image_id":0,"font":"","enabled":false},"version":2}},"categories":[9],"tags":[71,51],"class_list":["post-54607","post","type-post","status-publish","format-standard","has-post-thumbnail","hentry","category-banda","tag-municipalidad-de-la-banda","tag-roger-nediani"],"aioseo_notices":[],"views":10,"jetpack_publicize_connections":[],"jetpack_featured_media_url":"https:\/\/i0.wp.com\/elterritorialweb.com.ar\/web\/wp-content\/uploads\/2023\/06\/WhatsApp-Image-2023-06-24-at-12.10.08.jpeg?fit=1280%2C840&ssl=1","jetpack_sharing_enabled":true,"_links":{"self":[{"href":"https:\/\/elterritorialweb.com.ar\/web\/wp-json\/wp\/v2\/posts\/54607","targetHints":{"allow":["GET"]}}],"collection":[{"href":"https:\/\/elterritorialweb.com.ar\/web\/wp-json\/wp\/v2\/posts"}],"about":[{"href":"https:\/\/elterritorialweb.com.ar\/web\/wp-json\/wp\/v2\/types\/post"}],"author":[{"embeddable":true,"href":"https:\/\/elterritorialweb.com.ar\/web\/wp-json\/wp\/v2\/users\/2"}],"replies":[{"embeddable":true,"href":"https:\/\/elterritorialweb.com.ar\/web\/wp-json\/wp\/v2\/comments?post=54607"}],"version-history":[{"count":1,"href":"https:\/\/elterritorialweb.com.ar\/web\/wp-json\/wp\/v2\/posts\/54607\/revisions"}],"predecessor-version":[{"id":54609,"href":"https:\/\/elterritorialweb.com.ar\/web\/wp-json\/wp\/v2\/posts\/54607\/revisions\/54609"}],"wp:featuredmedia":[{"embeddable":true,"href":"https:\/\/elterritorialweb.com.ar\/web\/wp-json\/wp\/v2\/media\/54608"}],"wp:attachment":[{"href":"https:\/\/elterritorialweb.com.ar\/web\/wp-json\/wp\/v2\/media?parent=54607"}],"wp:term":[{"taxonomy":"category","embeddable":true,"href":"https:\/\/elterritorialweb.com.ar\/web\/wp-json\/wp\/v2\/categories?post=54607"},{"taxonomy":"post_tag","embeddable":true,"href":"https:\/\/elterritorialweb.com.ar\/web\/wp-json\/wp\/v2\/tags?post=54607"}],"curies":[{"name":"wp","href":"https:\/\/api.w.org\/{rel}","templated":true}]}}