{"id":54610,"date":"2023-06-24T19:03:09","date_gmt":"2023-06-24T19:03:09","guid":{"rendered":"http:\/\/elterritorialweb.com.ar\/web\/?p=54610"},"modified":"2023-06-24T19:03:12","modified_gmt":"2023-06-24T19:03:12","slug":"actividades-por-el-dia-mundial-del-cancer-de-prostata-en-el-barrio-25-de-mayo","status":"publish","type":"post","link":"https:\/\/elterritorialweb.com.ar\/web\/actividades-por-el-dia-mundial-del-cancer-de-prostata-en-el-barrio-25-de-mayo\/","title":{"rendered":"ACTIVIDADES POR EL \u00abD\u00cdA MUNDIAL DEL C\u00c1NCER DE PR\u00d3STATA\u00bb EN EL BARRIO 25 DE MAYO"},"content":{"rendered":"\n<p>La misma estuvo a cargo de los Agentes de Salud de los Centro de Atenci\u00f3n M\u00e9dica Municipal (CAMM) N\u00b0 4 de dicho barrio y del N\u00b0 6 de El Rinc\u00f3n, con el objetivo de acercar el municipio a los vecinos, como pol\u00edtica de estado que impulsa el intendente Roger Nediani.<br>Est\u00e1 actividad fue denominada \u00abHablemos con ellos\u00bb donde se realiz\u00f3 charlas de diversas tem\u00e1ticas, derribando mitos en cuanto a lo que es el c\u00e1ncer de pr\u00f3stata y la salud sexual masculina; como as\u00ed tambi\u00e9n con respecto a la masculinidad.<br>En la oportunidad, habl\u00f3 el director de Salud, Leonardo Jaimez Caro, quien agradeci\u00f3 el recibimiento y por ser parte de la iniciativa a la due\u00f1a de casa, Nori Rodr\u00edguez y manifest\u00f3: \u00abEstamos en conversaciones y tratativas para poder implementar en este grupo espec\u00edficamente, un programa de vacunaci\u00f3n como la antitet\u00e1nica y Hepatitis B, el cual va a ser\u00a0 paulatino y vamos a tratar de llevarlo a cabo en los pr\u00f3ximos d\u00edas\u00bb.<br>Por su parte, la se\u00f1ora Rodr\u00edguez, referente del Movimiento 8 de Abril, expres\u00f3: \u201cEstoy muy agradecida, ped\u00ed est\u00e1 actividad por y para el bienestar de los compa\u00f1eros porque es un trabajo muy expuesto el que realizan\u00bb.<br>\u00abAdem\u00e1s, voy a pedir tambi\u00e9n para que la municipalidad dicte charlas sobre las adicciones que es una problem\u00e1tica grave en la actualidad\u00bb.<br>Est\u00e1s actividades fueron complementadas con testeos, toma de presi\u00f3n y control de signos vitales, entre otros como entrega de folleter\u00eda y preservativos.<\/p>\n","protected":false},"excerpt":{"rendered":"<p>En el marco del D\u00eda Mundial del C\u00e1ncer de Pr\u00f3stata, el cual se conmemora cada 11 de junio, la Secretar\u00eda de Salud de la Municipalidad de La Banda brind\u00f3 una charla sobre esta enfermedad y otras de transmisi\u00f3n sexual en el barrio 25 de Mayo.<\/p>\n","protected":false},"author":2,"featured_media":54611,"comment_status":"open","ping_status":"open","sticky":false,"template":"","format":"standard","meta":{"om_disable_all_campaigns":false,"_monsterinsights_skip_tracking":false,"_monsterinsights_sitenote_active":false,"_monsterinsights_sitenote_note":"","_monsterinsights_sitenote_category":0,"_uf_show_specific_survey":0,"_uf_disable_surveys":false,"jetpack_post_was_ever_published":false,"_jetpack_newsletter_access":"","_jetpack_dont_email_post_to_subs":false,"_jetpack_newsletter_tier_id":0,"_jetpack_memberships_contains_paywalled_content":false,"_jetpack_memberships_contains_paid_content":false,"footnotes":"","jetpack_publicize_message":"","jetpack_publicize_feature_enabled":true,"jetpack_social_post_already_shared":true,"jetpack_social_options":{"image_generator_settings":{"template":"highway","default_image_id":0,"font":"","enabled":false},"version":2}},"categories":[9],"tags":[361,71],"class_list":["post-54610","post","type-post","status-publish","format-standard","has-post-thumbnail","hentry","category-banda","tag-dia-mundial-del-cancer-de-prostata","tag-municipalidad-de-la-banda"],"aioseo_notices":[],"views":14,"jetpack_publicize_connections":[],"jetpack_featured_media_url":"https:\/\/i0.wp.com\/elterritorialweb.com.ar\/web\/wp-content\/uploads\/2023\/06\/WhatsApp-Image-2023-06-24-at-12.10.10.jpeg?fit=1600%2C1200&ssl=1","jetpack_sharing_enabled":true,"_links":{"self":[{"href":"https:\/\/elterritorialweb.com.ar\/web\/wp-json\/wp\/v2\/posts\/54610","targetHints":{"allow":["GET"]}}],"collection":[{"href":"https:\/\/elterritorialweb.com.ar\/web\/wp-json\/wp\/v2\/posts"}],"about":[{"href":"https:\/\/elterritorialweb.com.ar\/web\/wp-json\/wp\/v2\/types\/post"}],"author":[{"embeddable":true,"href":"https:\/\/elterritorialweb.com.ar\/web\/wp-json\/wp\/v2\/users\/2"}],"replies":[{"embeddable":true,"href":"https:\/\/elterritorialweb.com.ar\/web\/wp-json\/wp\/v2\/comments?post=54610"}],"version-history":[{"count":1,"href":"https:\/\/elterritorialweb.com.ar\/web\/wp-json\/wp\/v2\/posts\/54610\/revisions"}],"predecessor-version":[{"id":54613,"href":"https:\/\/elterritorialweb.com.ar\/web\/wp-json\/wp\/v2\/posts\/54610\/revisions\/54613"}],"wp:featuredmedia":[{"embeddable":true,"href":"https:\/\/elterritorialweb.com.ar\/web\/wp-json\/wp\/v2\/media\/54611"}],"wp:attachment":[{"href":"https:\/\/elterritorialweb.com.ar\/web\/wp-json\/wp\/v2\/media?parent=54610"}],"wp:term":[{"taxonomy":"category","embeddable":true,"href":"https:\/\/elterritorialweb.com.ar\/web\/wp-json\/wp\/v2\/categories?post=54610"},{"taxonomy":"post_tag","embeddable":true,"href":"https:\/\/elterritorialweb.com.ar\/web\/wp-json\/wp\/v2\/tags?post=54610"}],"curies":[{"name":"wp","href":"https:\/\/api.w.org\/{rel}","templated":true}]}}