{"id":54614,"date":"2023-06-24T19:22:59","date_gmt":"2023-06-24T19:22:59","guid":{"rendered":"http:\/\/elterritorialweb.com.ar\/web\/?p=54614"},"modified":"2023-06-24T19:23:01","modified_gmt":"2023-06-24T19:23:01","slug":"massa-y-rossi-continuaran-en-sus-funciones-dentro-del-gabinete-nacional","status":"publish","type":"post","link":"https:\/\/elterritorialweb.com.ar\/web\/massa-y-rossi-continuaran-en-sus-funciones-dentro-del-gabinete-nacional\/","title":{"rendered":"MASSA Y ROSSI CONTINUAR\u00c1N EN SUS FUNCIONES DENTRO DEL GABINETE NACIONAL"},"content":{"rendered":"\n<p>Tras conocerse que<strong>\u00a0los precandidatos a presidente y vicepresidente por Uni\u00f3n por la Patria ser\u00e1n Sergio Massa y Agust\u00edn Rossi<\/strong>, respectivamente, este \u00faltimo dijo que, si bien se abocar\u00e1n a la campa\u00f1a, no dejar\u00e1n sus cargos.<\/p>\n\n\n\n<p>El actual jefe de Gabinete, en di\u00e1logo con Radio 10, reflexion\u00f3 sobre la cuesti\u00f3n de las renuncias a sus actuales funciones y lleg\u00f3 a la conclusi\u00f3n de que no ve ning\u00fan tipo de incompatibilidad con ello.<\/p>\n\n\n\n<p>\u201c<strong>Cuando uno tiene responsabilidad de gesti\u00f3n, uno habla desde esa responsabilidad. Sergio como ministro de Econom\u00eda y yo como jefe de Gabinete comunicamos desde la gesti\u00f3n, no le veo ning\u00fan inconveniente\u00bb<\/strong>, asegur\u00f3.<\/p>\n\n\n\n<p>\u00abMassa tiene cantidad de valores como dirigente pol\u00edtico y potencial presidente de los argentinos\u00bb, recalc\u00f3. Adem\u00e1s, subray\u00f3 que su compa\u00f1ero \u00abconoce cu\u00e1les son los problemas de los argentinos\u00bb y es que es&nbsp;<strong>\u00abuno de los pocos dirigentes que m\u00e1s conoce las potencialidades de nuestro pa\u00eds y su capacidad de gesti\u00f3n\u00bb.<\/strong><\/p>\n\n\n\n<p>Con las cartas puestas sobre la mesa, el actual jefe de Gabinete mencion\u00f3 los desaf\u00edos que Uni\u00f3n por la Patria tiene por delante para convencer a los votantes:<strong>&nbsp;\u00abNos corresponde como espacio tratar de comunicarnos con los argentinos para decirles que lo que viene es mucho mejor que lo que tuvimos todos estos a\u00f1os<\/strong>\u00ab.<\/p>\n","protected":false},"excerpt":{"rendered":"<p>Lo confirm\u00f3 el precandidato a vicepresidente por Uni\u00f3n por la Patria. Asegur\u00f3 que la mejor forma de hacer campa\u00f1a es demostrar gesti\u00f3n.<\/p>\n","protected":false},"author":2,"featured_media":54615,"comment_status":"open","ping_status":"open","sticky":false,"template":"","format":"standard","meta":{"om_disable_all_campaigns":false,"_monsterinsights_skip_tracking":false,"_monsterinsights_sitenote_active":false,"_monsterinsights_sitenote_note":"","_monsterinsights_sitenote_category":0,"_uf_show_specific_survey":0,"_uf_disable_surveys":false,"jetpack_post_was_ever_published":false,"_jetpack_newsletter_access":"","_jetpack_dont_email_post_to_subs":false,"_jetpack_newsletter_tier_id":0,"_jetpack_memberships_contains_paywalled_content":false,"_jetpack_memberships_contains_paid_content":false,"footnotes":"","jetpack_publicize_message":"","jetpack_publicize_feature_enabled":true,"jetpack_social_post_already_shared":true,"jetpack_social_options":{"image_generator_settings":{"template":"highway","default_image_id":0,"font":"","enabled":false},"version":2}},"categories":[4,18],"tags":[355,68],"class_list":["post-54614","post","type-post","status-publish","format-standard","has-post-thumbnail","hentry","category-destacadas","category-politica","tag-agustin-rossi","tag-sergio-massa"],"aioseo_notices":[],"views":14,"jetpack_publicize_connections":[],"jetpack_featured_media_url":"https:\/\/i0.wp.com\/elterritorialweb.com.ar\/web\/wp-content\/uploads\/2023\/06\/MASSA-ROSSI-SIGEN-EN-EL-GABINETE.jpg?fit=1114%2C595&ssl=1","jetpack_sharing_enabled":true,"_links":{"self":[{"href":"https:\/\/elterritorialweb.com.ar\/web\/wp-json\/wp\/v2\/posts\/54614","targetHints":{"allow":["GET"]}}],"collection":[{"href":"https:\/\/elterritorialweb.com.ar\/web\/wp-json\/wp\/v2\/posts"}],"about":[{"href":"https:\/\/elterritorialweb.com.ar\/web\/wp-json\/wp\/v2\/types\/post"}],"author":[{"embeddable":true,"href":"https:\/\/elterritorialweb.com.ar\/web\/wp-json\/wp\/v2\/users\/2"}],"replies":[{"embeddable":true,"href":"https:\/\/elterritorialweb.com.ar\/web\/wp-json\/wp\/v2\/comments?post=54614"}],"version-history":[{"count":1,"href":"https:\/\/elterritorialweb.com.ar\/web\/wp-json\/wp\/v2\/posts\/54614\/revisions"}],"predecessor-version":[{"id":54616,"href":"https:\/\/elterritorialweb.com.ar\/web\/wp-json\/wp\/v2\/posts\/54614\/revisions\/54616"}],"wp:featuredmedia":[{"embeddable":true,"href":"https:\/\/elterritorialweb.com.ar\/web\/wp-json\/wp\/v2\/media\/54615"}],"wp:attachment":[{"href":"https:\/\/elterritorialweb.com.ar\/web\/wp-json\/wp\/v2\/media?parent=54614"}],"wp:term":[{"taxonomy":"category","embeddable":true,"href":"https:\/\/elterritorialweb.com.ar\/web\/wp-json\/wp\/v2\/categories?post=54614"},{"taxonomy":"post_tag","embeddable":true,"href":"https:\/\/elterritorialweb.com.ar\/web\/wp-json\/wp\/v2\/tags?post=54614"}],"curies":[{"name":"wp","href":"https:\/\/api.w.org\/{rel}","templated":true}]}}