{"id":54620,"date":"2023-06-24T23:05:29","date_gmt":"2023-06-24T23:05:29","guid":{"rendered":"http:\/\/elterritorialweb.com.ar\/web\/?p=54620"},"modified":"2023-06-25T00:47:45","modified_gmt":"2023-06-25T00:47:45","slug":"la-orquesta-sol-negro-se-presentara-en-concierto","status":"publish","type":"post","link":"https:\/\/elterritorialweb.com.ar\/web\/la-orquesta-sol-negro-se-presentara-en-concierto\/","title":{"rendered":"LA ORQUESTA SOL NEGRO SE PRESENTAR\u00c1 EN CONCIERTO"},"content":{"rendered":"\n<p>La orquesta dirigida por el profesor superior Mario Abraham, har\u00e1 su primera presentaci\u00f3n correspondiente a este a\u00f1o, con un concierto \u00fanico en el teatro Adatise, donde presentaran un repertorio de m\u00fasica cl\u00e1sica y folkl\u00f3rica.<\/p>\n\n\n\n<p>En entrevista con <strong>El Territorial Web<\/strong>, el Profesor habl\u00f3 sobre la orquesta y explico: <em>\u00abEs una orquesta tipo sinf\u00f3nica pero de c\u00e1mara, por que es de dimension reducida, que le vamos agregando instrumentos, donde tambi\u00e9n proximamente, comenzaremos con la seccion coro de ni\u00f1os, donde se har\u00e1 un casting para tomar la tesitura de los postulantes y lo vamos incorporando a la orquesta, la idea es conformar una orquesta completa con coro, por que el objetivo que tenemos es de formar la orquesta juvenil de la provincia\u00bb.<\/em><\/p>\n\n\n\n<figure class=\"wp-block-image size-large\"><a href=\"https:\/\/i0.wp.com\/elterritorialweb.com.ar\/web\/wp-content\/uploads\/2023\/06\/WhatsApp-Image-2023-06-24-at-20.19.15-e1687648847760.jpeg\"><img data-recalc-dims=\"1\" decoding=\"async\" width=\"640\" height=\"426\" data-src=\"https:\/\/i0.wp.com\/elterritorialweb.com.ar\/web\/wp-content\/uploads\/2023\/06\/WhatsApp-Image-2023-06-24-at-20.19.15-e1687648847760-1024x682.jpeg?resize=640%2C426\" alt=\"\" class=\"wp-image-54628 lazyload\" data-srcset=\"https:\/\/i0.wp.com\/elterritorialweb.com.ar\/web\/wp-content\/uploads\/2023\/06\/WhatsApp-Image-2023-06-24-at-20.19.15-e1687648847760.jpeg?resize=1024%2C682&amp;ssl=1 1024w, https:\/\/i0.wp.com\/elterritorialweb.com.ar\/web\/wp-content\/uploads\/2023\/06\/WhatsApp-Image-2023-06-24-at-20.19.15-e1687648847760.jpeg?resize=300%2C200&amp;ssl=1 300w, https:\/\/i0.wp.com\/elterritorialweb.com.ar\/web\/wp-content\/uploads\/2023\/06\/WhatsApp-Image-2023-06-24-at-20.19.15-e1687648847760.jpeg?resize=768%2C512&amp;ssl=1 768w, https:\/\/i0.wp.com\/elterritorialweb.com.ar\/web\/wp-content\/uploads\/2023\/06\/WhatsApp-Image-2023-06-24-at-20.19.15-e1687648847760.jpeg?w=1154&amp;ssl=1 1154w\" data-sizes=\"(max-width: 640px) 100vw, 640px\" src=\"data:image\/svg+xml;base64,PHN2ZyB3aWR0aD0iMSIgaGVpZ2h0PSIxIiB4bWxucz0iaHR0cDovL3d3dy53My5vcmcvMjAwMC9zdmciPjwvc3ZnPg==\" style=\"--smush-placeholder-width: 640px; --smush-placeholder-aspect-ratio: 640\/426;\" \/><\/a><\/figure>\n\n\n\n<p><em>\u00abEl proyecto Sol Negro, se desprende de un proyecto inicial que se llamaba Sol Naciente, que era un plan nacional de orquesta que era ideado a imagen de las orquestas de Venezuela que la empez\u00f3 el maestro abreu (fallecido) donde cre\u00f3 el proyecto de orquesta juveniles para rescatar a los chicos de situacion de calle, y que a lo largo de 30 a\u00f1os ha logrado crear m\u00e1s de mil orquestas en venezuela, a pesar de la crisis, la violencia y el narcotrafico en la ciudad\u00bb<\/em> record\u00f3 Abraham.<\/p>\n\n\n\n<p><em>\u00abHoy la orquesta de venezuela, la Sinfonica Bolivariana, esta catalogada por grandes artistas, como una de las mejores orquesta del mundo, tal es as\u00ed que el gobierno kirchnerista trajo, el proyecto de venezuela y lanzaron el programa en argentina, donde llegaron a tener m\u00e1s de 110 orquestas en todo el pa\u00eds, hasta la llegada de Macri donde ese gobierno sac\u00f3 el presupuesto y decidi\u00f3 que cada provincia se haga cargo del gasto que ocacionan\u00bb<\/em>, rememor\u00f3 el director.<\/p>\n\n\n\n<figure class=\"wp-block-image size-large\"><a href=\"https:\/\/i0.wp.com\/elterritorialweb.com.ar\/web\/wp-content\/uploads\/2023\/06\/WhatsApp-Image-2023-06-24-at-20.12.03.jpeg\"><img data-recalc-dims=\"1\" decoding=\"async\" width=\"640\" height=\"360\" data-src=\"https:\/\/i0.wp.com\/elterritorialweb.com.ar\/web\/wp-content\/uploads\/2023\/06\/WhatsApp-Image-2023-06-24-at-20.12.03.jpeg?resize=640%2C360\" alt=\"\" class=\"wp-image-54625 lazyload\" data-srcset=\"https:\/\/i0.wp.com\/elterritorialweb.com.ar\/web\/wp-content\/uploads\/2023\/06\/WhatsApp-Image-2023-06-24-at-20.12.03.jpeg?resize=1024%2C576&amp;ssl=1 1024w, https:\/\/i0.wp.com\/elterritorialweb.com.ar\/web\/wp-content\/uploads\/2023\/06\/WhatsApp-Image-2023-06-24-at-20.12.03.jpeg?resize=300%2C169&amp;ssl=1 300w, https:\/\/i0.wp.com\/elterritorialweb.com.ar\/web\/wp-content\/uploads\/2023\/06\/WhatsApp-Image-2023-06-24-at-20.12.03.jpeg?resize=768%2C432&amp;ssl=1 768w, https:\/\/i0.wp.com\/elterritorialweb.com.ar\/web\/wp-content\/uploads\/2023\/06\/WhatsApp-Image-2023-06-24-at-20.12.03.jpeg?w=1032&amp;ssl=1 1032w\" data-sizes=\"(max-width: 640px) 100vw, 640px\" src=\"data:image\/svg+xml;base64,PHN2ZyB3aWR0aD0iMSIgaGVpZ2h0PSIxIiB4bWxucz0iaHR0cDovL3d3dy53My5vcmcvMjAwMC9zdmciPjwvc3ZnPg==\" style=\"--smush-placeholder-width: 640px; --smush-placeholder-aspect-ratio: 640\/360;\" \/><\/a><\/figure>\n\n\n\n<p>La orquesta cuenta en la actualidad con 17 m\u00fasicos y una cantante, que se destacan cada uno con sus instrumentos y son partes estable de esta banda, con un repertorio de m\u00fasica cl\u00e1sica y folkl\u00f3rica, con la idea de seguir reclutando instrumentos tales como el violoncello, violines, oboe y viola, para agregar mayor calidad sonora\u00bb, asegur\u00f3 el profesor Mario. <\/p>\n\n\n\n<p>Para finalizar Abraham coment\u00f3 que <em>\u00abLa idea es afianzarnos como orquesta y brindarle un servicio a los hijos, o a los socios mismos de Adatise para que aprendan a tocar un instrumento, que servir\u00e1 como un ingreso para ayudar a la economia de la misma.<\/em><\/p>\n\n\n\n<h3 class=\"wp-block-heading\">M\u00daSICOS INTEGRANTES<\/h3>\n\n\n\n<p>Gonzalo Garc\u00eda Sosa (contrabajo)<\/p>\n\n\n\n<p>Marcos Galucci (saxof\u00f3n contralto)<\/p>\n\n\n\n<p>Bel\u00e9n Robledo (clarinete)<\/p>\n\n\n\n<p>Lautaro Coronel (flauta traversa)<\/p>\n\n\n\n<p>Facundo Luna (viol\u00edn)<\/p>\n\n\n\n<p>Bel\u00e9n Cianferoni (viol\u00edn)<\/p>\n\n\n\n<p>Pedro L\u00f3pez (viol\u00edn)<\/p>\n\n\n\n<p>Santiago Carrizo (piano)<\/p>\n\n\n\n<p>Guadalupe Issac (guitarra)<\/p>\n\n\n\n<p>Melisa Iba\u00f1ez (cantante)<\/p>\n\n\n\n<p>Damian Tijera (bateria)<\/p>\n\n\n\n<figure class=\"wp-block-image size-full\"><a href=\"https:\/\/i0.wp.com\/elterritorialweb.com.ar\/web\/wp-content\/uploads\/2023\/06\/WhatsApp-Image-2023-06-24-at-21.12.47.jpeg\"><img data-recalc-dims=\"1\" decoding=\"async\" width=\"640\" height=\"629\" data-src=\"https:\/\/i0.wp.com\/elterritorialweb.com.ar\/web\/wp-content\/uploads\/2023\/06\/WhatsApp-Image-2023-06-24-at-21.12.47.jpeg?resize=640%2C629\" alt=\"\" class=\"wp-image-54631 lazyload\" data-srcset=\"https:\/\/i0.wp.com\/elterritorialweb.com.ar\/web\/wp-content\/uploads\/2023\/06\/WhatsApp-Image-2023-06-24-at-21.12.47.jpeg?w=720&amp;ssl=1 720w, https:\/\/i0.wp.com\/elterritorialweb.com.ar\/web\/wp-content\/uploads\/2023\/06\/WhatsApp-Image-2023-06-24-at-21.12.47.jpeg?resize=300%2C295&amp;ssl=1 300w\" data-sizes=\"(max-width: 640px) 100vw, 640px\" src=\"data:image\/svg+xml;base64,PHN2ZyB3aWR0aD0iMSIgaGVpZ2h0PSIxIiB4bWxucz0iaHR0cDovL3d3dy53My5vcmcvMjAwMC9zdmciPjwvc3ZnPg==\" style=\"--smush-placeholder-width: 640px; --smush-placeholder-aspect-ratio: 640\/629;\" \/><\/a><\/figure>\n\n\n\n<p>Por consultas comunicarse al 385 5832355 Cristina Robledo (representante de la orquesta)<\/p>\n","protected":false},"excerpt":{"rendered":"<p>La presentacion ser\u00e1 el vi\u00e9rnes 30 de junio en Adatise.<\/p>\n","protected":false},"author":2,"featured_media":54623,"comment_status":"open","ping_status":"open","sticky":false,"template":"","format":"standard","meta":{"om_disable_all_campaigns":false,"_monsterinsights_skip_tracking":false,"_monsterinsights_sitenote_active":false,"_monsterinsights_sitenote_note":"","_monsterinsights_sitenote_category":0,"_uf_show_specific_survey":0,"_uf_disable_surveys":false,"jetpack_post_was_ever_published":false,"_jetpack_newsletter_access":"","_jetpack_dont_email_post_to_subs":false,"_jetpack_newsletter_tier_id":0,"_jetpack_memberships_contains_paywalled_content":false,"_jetpack_memberships_contains_paid_content":false,"footnotes":"","jetpack_publicize_message":"","jetpack_publicize_feature_enabled":true,"jetpack_social_post_already_shared":true,"jetpack_social_options":{"image_generator_settings":{"template":"highway","default_image_id":0,"font":"","enabled":false},"version":2}},"categories":[20],"tags":[365,364,363],"class_list":["post-54620","post","type-post","status-publish","format-standard","has-post-thumbnail","hentry","category-especysociales","tag-adatise","tag-concierto","tag-orquesta-sol-negro"],"aioseo_notices":[],"views":125,"jetpack_publicize_connections":[],"jetpack_featured_media_url":"https:\/\/i0.wp.com\/elterritorialweb.com.ar\/web\/wp-content\/uploads\/2023\/06\/WhatsApp-Image-2023-06-24-at-20.07.36.jpeg?fit=1032%2C580&ssl=1","jetpack_sharing_enabled":true,"_links":{"self":[{"href":"https:\/\/elterritorialweb.com.ar\/web\/wp-json\/wp\/v2\/posts\/54620","targetHints":{"allow":["GET"]}}],"collection":[{"href":"https:\/\/elterritorialweb.com.ar\/web\/wp-json\/wp\/v2\/posts"}],"about":[{"href":"https:\/\/elterritorialweb.com.ar\/web\/wp-json\/wp\/v2\/types\/post"}],"author":[{"embeddable":true,"href":"https:\/\/elterritorialweb.com.ar\/web\/wp-json\/wp\/v2\/users\/2"}],"replies":[{"embeddable":true,"href":"https:\/\/elterritorialweb.com.ar\/web\/wp-json\/wp\/v2\/comments?post=54620"}],"version-history":[{"count":5,"href":"https:\/\/elterritorialweb.com.ar\/web\/wp-json\/wp\/v2\/posts\/54620\/revisions"}],"predecessor-version":[{"id":54634,"href":"https:\/\/elterritorialweb.com.ar\/web\/wp-json\/wp\/v2\/posts\/54620\/revisions\/54634"}],"wp:featuredmedia":[{"embeddable":true,"href":"https:\/\/elterritorialweb.com.ar\/web\/wp-json\/wp\/v2\/media\/54623"}],"wp:attachment":[{"href":"https:\/\/elterritorialweb.com.ar\/web\/wp-json\/wp\/v2\/media?parent=54620"}],"wp:term":[{"taxonomy":"category","embeddable":true,"href":"https:\/\/elterritorialweb.com.ar\/web\/wp-json\/wp\/v2\/categories?post=54620"},{"taxonomy":"post_tag","embeddable":true,"href":"https:\/\/elterritorialweb.com.ar\/web\/wp-json\/wp\/v2\/tags?post=54620"}],"curies":[{"name":"wp","href":"https:\/\/api.w.org\/{rel}","templated":true}]}}