{"id":54641,"date":"2023-06-25T03:06:37","date_gmt":"2023-06-25T03:06:37","guid":{"rendered":"http:\/\/elterritorialweb.com.ar\/web\/?p=54641"},"modified":"2023-06-25T03:06:39","modified_gmt":"2023-06-25T03:06:39","slug":"natalia-neme-es-precandidata-a-diputada-nacional-por-juntos-por-el-cambio","status":"publish","type":"post","link":"https:\/\/elterritorialweb.com.ar\/web\/natalia-neme-es-precandidata-a-diputada-nacional-por-juntos-por-el-cambio\/","title":{"rendered":"NATALIA NEME ES PRECANDIDATA A DIPUTADA NACIONAL POR JUNTOS POR EL CAMBIO"},"content":{"rendered":"\n<p>La \u201clista de unidad\u201d estar\u00e1 conformada en segundo t\u00e9rmino por Gabriel Santill\u00e1n, actual presidente del PRO, en la provincia y Facundo Perez Carletti, jefe de campa\u00f1a.<br>En tanto, Luciana Rached, de la UCR Evoluci\u00f3n ser\u00e1 precandidata a Parlamentaria del Mercosur, distrito Santiago del Estero.<br>As\u00ed mismo, desde Juntos por el Cambio Santiago del Estero, se inform\u00f3 que habr\u00e1 interna partidaria a nivel local, entre los referentes que integran los sectores que acompa\u00f1an las f\u00f3rmulas de Horacio Rodr\u00edguez Larreta-Gerardo Morales y de Patricia Bullrich-Luis Petri, respectivamente.<\/p>\n","protected":false},"excerpt":{"rendered":"<p>La principal referente del radicalismo en Santiago Natalia Neme, encabezar\u00e1 la lista de precandidatos a diputados nacionales por el del sector de unidad que lleva la f\u00f3rmula presidencial a Horacio Rodr\u00edguez Larreta- Gerardo Morales.<\/p>\n","protected":false},"author":2,"featured_media":54642,"comment_status":"open","ping_status":"open","sticky":false,"template":"","format":"standard","meta":{"om_disable_all_campaigns":false,"_monsterinsights_skip_tracking":false,"_monsterinsights_sitenote_active":false,"_monsterinsights_sitenote_note":"","_monsterinsights_sitenote_category":0,"_uf_show_specific_survey":0,"_uf_disable_surveys":false,"jetpack_post_was_ever_published":false,"_jetpack_newsletter_access":"","_jetpack_dont_email_post_to_subs":false,"_jetpack_newsletter_tier_id":0,"_jetpack_memberships_contains_paywalled_content":false,"_jetpack_memberships_contains_paid_content":false,"footnotes":"","jetpack_publicize_message":"","jetpack_publicize_feature_enabled":true,"jetpack_social_post_already_shared":true,"jetpack_social_options":{"image_generator_settings":{"template":"highway","default_image_id":0,"font":"","enabled":false},"version":2}},"categories":[18],"tags":[178,248,368],"class_list":["post-54641","post","type-post","status-publish","format-standard","has-post-thumbnail","hentry","category-politica","tag-juntos-por-el-cambio","tag-natalia-neme","tag-precandidata-a-diputada-nacional"],"aioseo_notices":[],"views":15,"jetpack_publicize_connections":[],"jetpack_featured_media_url":"https:\/\/i0.wp.com\/elterritorialweb.com.ar\/web\/wp-content\/uploads\/2023\/06\/IMG-20230624-WA0034.jpg?fit=1066%2C1600&ssl=1","jetpack_sharing_enabled":true,"_links":{"self":[{"href":"https:\/\/elterritorialweb.com.ar\/web\/wp-json\/wp\/v2\/posts\/54641","targetHints":{"allow":["GET"]}}],"collection":[{"href":"https:\/\/elterritorialweb.com.ar\/web\/wp-json\/wp\/v2\/posts"}],"about":[{"href":"https:\/\/elterritorialweb.com.ar\/web\/wp-json\/wp\/v2\/types\/post"}],"author":[{"embeddable":true,"href":"https:\/\/elterritorialweb.com.ar\/web\/wp-json\/wp\/v2\/users\/2"}],"replies":[{"embeddable":true,"href":"https:\/\/elterritorialweb.com.ar\/web\/wp-json\/wp\/v2\/comments?post=54641"}],"version-history":[{"count":1,"href":"https:\/\/elterritorialweb.com.ar\/web\/wp-json\/wp\/v2\/posts\/54641\/revisions"}],"predecessor-version":[{"id":54643,"href":"https:\/\/elterritorialweb.com.ar\/web\/wp-json\/wp\/v2\/posts\/54641\/revisions\/54643"}],"wp:featuredmedia":[{"embeddable":true,"href":"https:\/\/elterritorialweb.com.ar\/web\/wp-json\/wp\/v2\/media\/54642"}],"wp:attachment":[{"href":"https:\/\/elterritorialweb.com.ar\/web\/wp-json\/wp\/v2\/media?parent=54641"}],"wp:term":[{"taxonomy":"category","embeddable":true,"href":"https:\/\/elterritorialweb.com.ar\/web\/wp-json\/wp\/v2\/categories?post=54641"},{"taxonomy":"post_tag","embeddable":true,"href":"https:\/\/elterritorialweb.com.ar\/web\/wp-json\/wp\/v2\/tags?post=54641"}],"curies":[{"name":"wp","href":"https:\/\/api.w.org\/{rel}","templated":true}]}}