{"id":54657,"date":"2023-06-26T00:10:18","date_gmt":"2023-06-26T00:10:18","guid":{"rendered":"http:\/\/elterritorialweb.com.ar\/web\/?p=54657"},"modified":"2023-06-26T00:22:49","modified_gmt":"2023-06-26T00:22:49","slug":"la-bombonera-se-rindio-a-los-pies-de-riquelme","status":"publish","type":"post","link":"https:\/\/elterritorialweb.com.ar\/web\/la-bombonera-se-rindio-a-los-pies-de-riquelme\/","title":{"rendered":"LA BOMBONERA SE RINDI\u00d3 A LOS PIES DE RIQUELME"},"content":{"rendered":"\n<p><strong>Juan Rom\u00e1n Riquelme<\/strong> tuvo su partido despedida en La Bombonera. El \u00eddolo de Boca logr\u00f3 juntar a glorias del Xeneize y de la\u00a0Selecci\u00f3n argentina\u00a0en un encuentro homenaje. Al terminar el partido, el actual vicepresidente del club azul y oro les dedic\u00f3 unas palabras a las figuras y al p\u00fablico presente.<\/p>\n\n\n\n<p>\u201c<strong>Estoy feliz. Demasiado<\/strong>\u201d, comenz\u00f3. Y luego de ser interrumpido por los hinchas sigui\u00f3: \u201c<strong>Quiero agradecer a todos los entrenadores que tuve en este club, a mis compa\u00f1eros<\/strong>. Llegue en el 96 y el 10 de noviembre de ese a\u00f1o estren\u00e9 una pel\u00edcula, la m\u00e1s linda que le puede pasar a una persona.&nbsp;<strong>Yo so\u00f1aba con ser futbolista, quer\u00eda ser Maradona<\/strong>\u201d. \u201c<em>Riquelme es de Boca y de Boca no se va<\/em>\u201d, cantaron los hinchas y volvieron a cortar el discurso.<\/p>\n\n\n\n<p>Rom\u00e1n tambi\u00e9n tuvo un tiempo para hablarle a Lionel Messi: \u201cDe chiquito, Maradona fue lo m\u00e1s grande que viv\u00ed. Me puse viejo y tuve la suerte de jugar con alguien que no s\u00e9 si es m\u00e1s o menos que \u00e9l,&nbsp;<strong>pero tengo la suerte de que este ac\u00e1<\/strong>. El enano se ten\u00eda que ir de vacaciones, le pido disculpas a la familia.&nbsp;<strong>Para todos los bosteros, que est\u00e9s ac\u00e1 es algo inolvidable. Te quiero mucho\u201d.<\/strong><\/p>\n\n\n\n<p>Luego tuvo unas sentidas palabras para los entrenadores que estuvieron presentes: Jos\u00e9 Pekerman, Alfio Basile y Carlos Bianchi. \u201c<strong>Jos\u00e9, usted de chiquito, fue mi entrenador y me ayud\u00f3 mucho<\/strong>. Espero que sea muy feliz\u201d, dijo. \u201cCoco,&nbsp;<strong>me ha ense\u00f1ado como deportista, pero mucho m\u00e1s como persona<\/strong>\u201d, expres\u00f3.<\/p>\n\n\n\n<p>Pero cuando lleg\u00f3 el turno del Virrey, se emocion\u00f3 y el p\u00fablico tambi\u00e9n. \u201cAc\u00e1 el se\u00f1or, que lleg\u00f3 en el 98&#8230;\u2033, comenz\u00f3 Riquelme y se puso a cantar junto a los hinchas: \u201cVen\u00ed, ven\u00ed, cant\u00e1 conmigo, que un amigo vas a encontrar, que de la mano de Carlos Bianchi todos la vuelta vamos a dar\u201d.<\/p>\n\n\n\n<p>Luego de algunos instantes logr\u00f3 seguir con sus palabras: \u201c<strong>Usted es el culpable de que todos los bosteros pensemos que ganar la Copa Libertadores es muy f\u00e1cil<\/strong>. El cari\u00f1o de todos nosotros es porque el se\u00f1or nos ense\u00f1\u00f3 a competir.&nbsp;<strong>Solamente le tengo que decir \u2018gracias\u2019, que lo quiero mucho, que me siento parte de su familia. Lo quiero\u201d<\/strong>.<\/p>\n\n\n\n<p>\u201cLa vida me dio demasiado. No puedo recibir tanto cari\u00f1o de todos ustedes.<strong>&nbsp;Mi pap\u00e1 me hizo bostero como todos ustedes. Decirles gracias, cada d\u00eda que me levanto solo le pido a Dios seguir con esta relaci\u00f3n que tenemos, y esperemos que siga as\u00ed<\/strong>\u201d, cerr\u00f3.<\/p>\n","protected":false},"excerpt":{"rendered":"<p>Ante una Bombonera colmada, Juan Rom\u00e1n Riquelme tuvo su homenaje en una noche inolvidable.<\/p>\n","protected":false},"author":2,"featured_media":54658,"comment_status":"open","ping_status":"open","sticky":false,"template":"","format":"standard","meta":{"om_disable_all_campaigns":false,"_monsterinsights_skip_tracking":false,"_monsterinsights_sitenote_active":false,"_monsterinsights_sitenote_note":"","_monsterinsights_sitenote_category":0,"_uf_show_specific_survey":0,"_uf_disable_surveys":false,"jetpack_post_was_ever_published":false,"_jetpack_newsletter_access":"","_jetpack_dont_email_post_to_subs":false,"_jetpack_newsletter_tier_id":0,"_jetpack_memberships_contains_paywalled_content":false,"_jetpack_memberships_contains_paid_content":false,"footnotes":"","jetpack_publicize_message":"","jetpack_publicize_feature_enabled":true,"jetpack_social_post_already_shared":true,"jetpack_social_options":{"image_generator_settings":{"template":"highway","default_image_id":0,"font":"","enabled":false},"version":2}},"categories":[6,4],"tags":[103,196,273,274],"class_list":["post-54657","post","type-post","status-publish","format-standard","has-post-thumbnail","hentry","category-deportes","category-destacadas","tag-boca-juniors","tag-bombonera","tag-juan-roman-riquelme","tag-partido-despedida"],"aioseo_notices":[],"views":9,"jetpack_publicize_connections":[],"jetpack_featured_media_url":"https:\/\/i0.wp.com\/elterritorialweb.com.ar\/web\/wp-content\/uploads\/2023\/06\/DESPEDIDA-DE-RIQUELME-scaled.jpg?fit=2560%2C1734&ssl=1","jetpack_sharing_enabled":true,"_links":{"self":[{"href":"https:\/\/elterritorialweb.com.ar\/web\/wp-json\/wp\/v2\/posts\/54657","targetHints":{"allow":["GET"]}}],"collection":[{"href":"https:\/\/elterritorialweb.com.ar\/web\/wp-json\/wp\/v2\/posts"}],"about":[{"href":"https:\/\/elterritorialweb.com.ar\/web\/wp-json\/wp\/v2\/types\/post"}],"author":[{"embeddable":true,"href":"https:\/\/elterritorialweb.com.ar\/web\/wp-json\/wp\/v2\/users\/2"}],"replies":[{"embeddable":true,"href":"https:\/\/elterritorialweb.com.ar\/web\/wp-json\/wp\/v2\/comments?post=54657"}],"version-history":[{"count":3,"href":"https:\/\/elterritorialweb.com.ar\/web\/wp-json\/wp\/v2\/posts\/54657\/revisions"}],"predecessor-version":[{"id":54661,"href":"https:\/\/elterritorialweb.com.ar\/web\/wp-json\/wp\/v2\/posts\/54657\/revisions\/54661"}],"wp:featuredmedia":[{"embeddable":true,"href":"https:\/\/elterritorialweb.com.ar\/web\/wp-json\/wp\/v2\/media\/54658"}],"wp:attachment":[{"href":"https:\/\/elterritorialweb.com.ar\/web\/wp-json\/wp\/v2\/media?parent=54657"}],"wp:term":[{"taxonomy":"category","embeddable":true,"href":"https:\/\/elterritorialweb.com.ar\/web\/wp-json\/wp\/v2\/categories?post=54657"},{"taxonomy":"post_tag","embeddable":true,"href":"https:\/\/elterritorialweb.com.ar\/web\/wp-json\/wp\/v2\/tags?post=54657"}],"curies":[{"name":"wp","href":"https:\/\/api.w.org\/{rel}","templated":true}]}}