{"id":54662,"date":"2023-06-26T00:36:08","date_gmt":"2023-06-26T00:36:08","guid":{"rendered":"http:\/\/elterritorialweb.com.ar\/web\/?p=54662"},"modified":"2023-06-26T00:36:12","modified_gmt":"2023-06-26T00:36:12","slug":"messi-ovacionado-en-la-bombonera","status":"publish","type":"post","link":"https:\/\/elterritorialweb.com.ar\/web\/messi-ovacionado-en-la-bombonera\/","title":{"rendered":"MESSI OVACIONADO EN LA BOMBONERA"},"content":{"rendered":"\n<p><strong>Lionel Messi,<\/strong>\u00a0quien el s\u00e1bado particip\u00f3 del homenaje a\u00a0<strong>Maxi Rodr\u00edguez en Rosario<\/strong>, tambi\u00e9n es parte del partido despedida de\u00a0<strong>Juan Rom\u00e1n Riquelme<\/strong>, otro viejo compa\u00f1ero de la\u00a0<strong>Selecci\u00f3n Argentina: recibi\u00f3 una tremenda ovaci\u00f3n cuando pis\u00f3 la Bombonera.<\/strong><\/p>\n\n\n\n<figure class=\"wp-block-image size-full is-resized\"><a href=\"https:\/\/i0.wp.com\/elterritorialweb.com.ar\/web\/wp-content\/uploads\/2023\/06\/MESSI-RIQUELME-e1687739729341.jpg\"><img data-recalc-dims=\"1\" decoding=\"async\" data-src=\"https:\/\/i0.wp.com\/elterritorialweb.com.ar\/web\/wp-content\/uploads\/2023\/06\/MESSI-RIQUELME-e1687739729341.jpg?resize=640%2C501\" alt=\"\" class=\"wp-image-54664 lazyload\" width=\"640\" height=\"501\" data-srcset=\"https:\/\/i0.wp.com\/elterritorialweb.com.ar\/web\/wp-content\/uploads\/2023\/06\/MESSI-RIQUELME-e1687739729341.jpg?w=528&amp;ssl=1 528w, https:\/\/i0.wp.com\/elterritorialweb.com.ar\/web\/wp-content\/uploads\/2023\/06\/MESSI-RIQUELME-e1687739729341.jpg?resize=300%2C235&amp;ssl=1 300w\" data-sizes=\"(max-width: 640px) 100vw, 640px\" src=\"data:image\/svg+xml;base64,PHN2ZyB3aWR0aD0iMSIgaGVpZ2h0PSIxIiB4bWxucz0iaHR0cDovL3d3dy53My5vcmcvMjAwMC9zdmciPjwvc3ZnPg==\" style=\"--smush-placeholder-width: 640px; --smush-placeholder-aspect-ratio: 640\/501;\" \/><\/a><\/figure>\n\n\n\n<p>Los hinchas del Xeneize ovacionaron al astro rosarino apenas pis\u00f3 el c\u00e9sped.<strong>\u00a0\u00abMessi, Messi, Messi\u00bb,<\/strong>\u00a0cantaron desde los cuatro costados. El capit\u00e1n de la\u00a0<strong>Albiceleste\u00a0<\/strong>respondi\u00f3 saludando a los fan\u00e1ticos.<\/p>\n\n\n\n<figure class=\"wp-block-embed is-type-video is-provider-youtube wp-block-embed-youtube wp-embed-aspect-16-9 wp-has-aspect-ratio\"><div class=\"wp-block-embed__wrapper\">\n<iframe title=\"Salida de los equipos a la cancha en la despedida de Riquelme - Un partido para toda la vida\" width=\"640\" height=\"360\" data-src=\"https:\/\/www.youtube.com\/embed\/gufFaygLjwo?feature=oembed\" frameborder=\"0\" allow=\"accelerometer; autoplay; clipboard-write; encrypted-media; gyroscope; picture-in-picture; web-share\" referrerpolicy=\"strict-origin-when-cross-origin\" allowfullscreen src=\"data:image\/svg+xml;base64,PHN2ZyB3aWR0aD0iMSIgaGVpZ2h0PSIxIiB4bWxucz0iaHR0cDovL3d3dy53My5vcmcvMjAwMC9zdmciPjwvc3ZnPg==\" class=\"lazyload\" data-load-mode=\"1\"><\/iframe>\n<\/div><\/figure>\n\n\n\n<p>Por otra parte, la dirigencia de\u00a0<strong>Boca\u00a0<\/strong>le entreg\u00f3 una plaqueta a la Pulga, al igual que a<strong>\u00a0Lionel Scaloni\u00a0<\/strong>(el entrenador) y\u00a0<strong>Leandro Paredes<\/strong>, mediocampista campe\u00f3n del mundo surgido de las inferiores del\u00a0<strong>Xeneize<\/strong>.<\/p>\n","protected":false},"excerpt":{"rendered":"<p>La Pulga recibi\u00f3 la ovaci\u00f3n de los hinchas de Boca antes del inicio del partido.<\/p>\n","protected":false},"author":2,"featured_media":54663,"comment_status":"open","ping_status":"open","sticky":false,"template":"","format":"standard","meta":{"om_disable_all_campaigns":false,"_monsterinsights_skip_tracking":false,"_monsterinsights_sitenote_active":false,"_monsterinsights_sitenote_note":"","_monsterinsights_sitenote_category":0,"_uf_show_specific_survey":0,"_uf_disable_surveys":false,"jetpack_post_was_ever_published":false,"_jetpack_newsletter_access":"","_jetpack_dont_email_post_to_subs":false,"_jetpack_newsletter_tier_id":0,"_jetpack_memberships_contains_paywalled_content":false,"_jetpack_memberships_contains_paid_content":false,"footnotes":"","jetpack_publicize_message":"","jetpack_publicize_feature_enabled":true,"jetpack_social_post_already_shared":true,"jetpack_social_options":{"image_generator_settings":{"template":"highway","default_image_id":0,"font":"","enabled":false},"version":2}},"categories":[6],"tags":[196,273,90,274],"class_list":["post-54662","post","type-post","status-publish","format-standard","has-post-thumbnail","hentry","category-deportes","tag-bombonera","tag-juan-roman-riquelme","tag-lionel-messi","tag-partido-despedida"],"aioseo_notices":[],"views":10,"jetpack_publicize_connections":[],"jetpack_featured_media_url":"https:\/\/i0.wp.com\/elterritorialweb.com.ar\/web\/wp-content\/uploads\/2023\/06\/MESSI-BOMBONERA-scaled.jpg?fit=2560%2C1707&ssl=1","jetpack_sharing_enabled":true,"_links":{"self":[{"href":"https:\/\/elterritorialweb.com.ar\/web\/wp-json\/wp\/v2\/posts\/54662","targetHints":{"allow":["GET"]}}],"collection":[{"href":"https:\/\/elterritorialweb.com.ar\/web\/wp-json\/wp\/v2\/posts"}],"about":[{"href":"https:\/\/elterritorialweb.com.ar\/web\/wp-json\/wp\/v2\/types\/post"}],"author":[{"embeddable":true,"href":"https:\/\/elterritorialweb.com.ar\/web\/wp-json\/wp\/v2\/users\/2"}],"replies":[{"embeddable":true,"href":"https:\/\/elterritorialweb.com.ar\/web\/wp-json\/wp\/v2\/comments?post=54662"}],"version-history":[{"count":1,"href":"https:\/\/elterritorialweb.com.ar\/web\/wp-json\/wp\/v2\/posts\/54662\/revisions"}],"predecessor-version":[{"id":54665,"href":"https:\/\/elterritorialweb.com.ar\/web\/wp-json\/wp\/v2\/posts\/54662\/revisions\/54665"}],"wp:featuredmedia":[{"embeddable":true,"href":"https:\/\/elterritorialweb.com.ar\/web\/wp-json\/wp\/v2\/media\/54663"}],"wp:attachment":[{"href":"https:\/\/elterritorialweb.com.ar\/web\/wp-json\/wp\/v2\/media?parent=54662"}],"wp:term":[{"taxonomy":"category","embeddable":true,"href":"https:\/\/elterritorialweb.com.ar\/web\/wp-json\/wp\/v2\/categories?post=54662"},{"taxonomy":"post_tag","embeddable":true,"href":"https:\/\/elterritorialweb.com.ar\/web\/wp-json\/wp\/v2\/tags?post=54662"}],"curies":[{"name":"wp","href":"https:\/\/api.w.org\/{rel}","templated":true}]}}