{"id":54666,"date":"2023-06-26T00:51:36","date_gmt":"2023-06-26T00:51:36","guid":{"rendered":"http:\/\/elterritorialweb.com.ar\/web\/?p=54666"},"modified":"2023-06-26T00:51:38","modified_gmt":"2023-06-26T00:51:38","slug":"elecciones-2023-cordoba-y-formosa-eligen-gobernador","status":"publish","type":"post","link":"https:\/\/elterritorialweb.com.ar\/web\/elecciones-2023-cordoba-y-formosa-eligen-gobernador\/","title":{"rendered":"ELECCIONES 2023: C\u00d3RDOBA Y FORMOSA ELIGEN GOBERNADOR"},"content":{"rendered":"\n<p><strong>C\u00f3rdoba y Formosa contin\u00faan este domingo con el calendario de elecciones provinciales desdobladas de las nacionales<\/strong>. En la provincia mediterr\u00e1nea,&nbsp;<strong>Mart\u00edn Llaryora, de Hacemos Unidos por C\u00f3rdoba, se impone al postulante de Juntos por el Cambio, Luis Juez,&nbsp;<\/strong>en el escrutinio provisorio para suceder a Juan Schiaretti.<\/p>\n\n\n\n<p>En la provincia formose\u00f1a, el gobernante&nbsp;<strong>Gildo Insfr\u00e1n, quien busca su octavo mandato en el distrito norte\u00f1o frente al radical Fernando Carbajal<\/strong>, lidera los resultados por una amplia diferencia.<\/p>\n\n\n\n<p>En C\u00f3rdoba, casi tres millones de votantes pudieron optar entre once listas para elegir&nbsp;<strong>gobernador y vice, 70 legisladores locales y tres miembros para el Tribunal de Cuentas<\/strong>, proceso en que se utiliz\u00f3 la Boleta \u00danica de Sufragio (BUS), vigente desde el 2011 y que contiene toda la oferta electoral.<\/p>\n\n\n\n<p>En Formosa, en tanto, casi 500 mil habitantes estuvieron habilitados para votar&nbsp;<strong>las categor\u00edas de gobernador y vice y a quienes ocupar\u00e1n cargos ejecutivos en 27 intendencias, presidencias en 10 comisiones de fomento, adem\u00e1s de diputados provinciales y concejales<\/strong>. Hay 7 lemas o fuerzas pol\u00edticas y 90 sublemas.<\/p>\n\n\n\n<p>Con respecto a la participaci\u00f3n del padr\u00f3n,&nbsp;<strong>en Formosa hubo m\u00e1s del 70%<\/strong>, mientras que en C\u00f3rdoba el Tribunal Electoral dio a conocer que<strong>&nbsp;fue superior al 60%<\/strong>, lo que significa la concurrencia m\u00e1s baja de la historia.<\/p>\n","protected":false},"excerpt":{"rendered":"<p>El candidato de Hacemos Unidos por C\u00f3rdoba saca ventaja frente a su rival de Juntos por el Cambio. En Formosa, el gobernador alcanza una nueva reelecci\u00f3n por amplio margen.<\/p>\n","protected":false},"author":2,"featured_media":54667,"comment_status":"open","ping_status":"open","sticky":false,"template":"","format":"standard","meta":{"om_disable_all_campaigns":false,"_monsterinsights_skip_tracking":false,"_monsterinsights_sitenote_active":false,"_monsterinsights_sitenote_note":"","_monsterinsights_sitenote_category":0,"_uf_show_specific_survey":0,"_uf_disable_surveys":false,"jetpack_post_was_ever_published":false,"_jetpack_newsletter_access":"","_jetpack_dont_email_post_to_subs":false,"_jetpack_newsletter_tier_id":0,"_jetpack_memberships_contains_paywalled_content":false,"_jetpack_memberships_contains_paid_content":false,"footnotes":"","jetpack_publicize_message":"","jetpack_publicize_feature_enabled":true,"jetpack_social_post_already_shared":true,"jetpack_social_options":{"image_generator_settings":{"template":"highway","default_image_id":0,"font":"","enabled":false},"version":2}},"categories":[4,18],"tags":[370,260,371,372],"class_list":["post-54666","post","type-post","status-publish","format-standard","has-post-thumbnail","hentry","category-destacadas","category-politica","tag-cordoba","tag-elecciones-2023","tag-formosa","tag-gobernador"],"aioseo_notices":[],"views":8,"jetpack_publicize_connections":[],"jetpack_featured_media_url":"https:\/\/i0.wp.com\/elterritorialweb.com.ar\/web\/wp-content\/uploads\/2023\/06\/elecciones-2023.jpg?fit=920%2C641&ssl=1","jetpack_sharing_enabled":true,"_links":{"self":[{"href":"https:\/\/elterritorialweb.com.ar\/web\/wp-json\/wp\/v2\/posts\/54666","targetHints":{"allow":["GET"]}}],"collection":[{"href":"https:\/\/elterritorialweb.com.ar\/web\/wp-json\/wp\/v2\/posts"}],"about":[{"href":"https:\/\/elterritorialweb.com.ar\/web\/wp-json\/wp\/v2\/types\/post"}],"author":[{"embeddable":true,"href":"https:\/\/elterritorialweb.com.ar\/web\/wp-json\/wp\/v2\/users\/2"}],"replies":[{"embeddable":true,"href":"https:\/\/elterritorialweb.com.ar\/web\/wp-json\/wp\/v2\/comments?post=54666"}],"version-history":[{"count":1,"href":"https:\/\/elterritorialweb.com.ar\/web\/wp-json\/wp\/v2\/posts\/54666\/revisions"}],"predecessor-version":[{"id":54668,"href":"https:\/\/elterritorialweb.com.ar\/web\/wp-json\/wp\/v2\/posts\/54666\/revisions\/54668"}],"wp:featuredmedia":[{"embeddable":true,"href":"https:\/\/elterritorialweb.com.ar\/web\/wp-json\/wp\/v2\/media\/54667"}],"wp:attachment":[{"href":"https:\/\/elterritorialweb.com.ar\/web\/wp-json\/wp\/v2\/media?parent=54666"}],"wp:term":[{"taxonomy":"category","embeddable":true,"href":"https:\/\/elterritorialweb.com.ar\/web\/wp-json\/wp\/v2\/categories?post=54666"},{"taxonomy":"post_tag","embeddable":true,"href":"https:\/\/elterritorialweb.com.ar\/web\/wp-json\/wp\/v2\/tags?post=54666"}],"curies":[{"name":"wp","href":"https:\/\/api.w.org\/{rel}","templated":true}]}}