{"id":54672,"date":"2023-06-26T01:08:46","date_gmt":"2023-06-26T01:08:46","guid":{"rendered":"http:\/\/elterritorialweb.com.ar\/web\/?p=54672"},"modified":"2023-06-26T03:20:09","modified_gmt":"2023-06-26T03:20:09","slug":"gildo-insfran-arrasa-en-formosa","status":"publish","type":"post","link":"https:\/\/elterritorialweb.com.ar\/web\/gildo-insfran-arrasa-en-formosa\/","title":{"rendered":"GILDO INSFR\u00c1N ARRAS\u00d3 EN FORMOSA"},"content":{"rendered":"\n<p>Sin sorpresas, con las primeras mesas escrutadas,\u00a0<strong>Gildo Insfr\u00e1n\u00a0<\/strong>se impone con el<strong>\u00a072,93%<\/strong>, y se acerca a su octava\u00a0reelecci\u00f3n en la gobernaci\u00f3n de Formosa.Aunque\u00a0<strong>la oposici\u00f3n confiaba en lograr un buen resultado, no le alcanza para dar el batacazo<\/strong>. El actual gobernador le saca casi 59 puntos a Juntos por el Cambio.<\/p>\n\n\n\n<p>Insfr\u00e1n forma parte del poder formose\u00f1o desde 1987, cuando fue elector vicegobernador, y desde 1995 est\u00e1 al frente de la gobernaci\u00f3n. \u201c<strong>La alternancia en Formosa la decide el pueblo<\/strong>\u201d, dijo este domingo poco antes de ir a votar. Tambi\u00e9n advirti\u00f3 que permanecer\u00e1 en el cargo \u201chasta que el pueblo diga\u201d.<\/p>\n\n\n\n<p>Despu\u00e9s de que la Corte Suprema no se expidiera respecto de una\u00a0presentaci\u00f3n judicial contra su candidatura a la reelecci\u00f3n, el mandatario provincial se acerca a registrar un r\u00e9cord en el pa\u00eds: en caso de confirmarse su triunfo, completar\u00e1 32 a\u00f1os al frente del Poder Ejecutivo de Formosa.<\/p>\n\n\n\n<p>Los&nbsp;<strong>fallos de la Corte sobre las elecciones en Tucum\u00e1n y San Juan&nbsp;<\/strong>generaron un cimbronazo en la pol\u00edtica argentina y la imposibilidad de los gobernadores Juan Manzur y Sergio U\u00f1ac de presentarse a elecciones abri\u00f3 una puerta a que se hagan presentaciones similares en otras provincias. Una de ellas fue Formosa.<\/p>\n\n\n\n<p>En ese contexto, los integrantes de Juntos por el Cambio en la provincia presentaron una nueva impugnaci\u00f3n a la candidatura del hist\u00f3rico gobernador, al considerar que es un \u201c<strong>claro abuso de poder y autoritarismo<\/strong>\u201d. Seg\u00fan dijeron, \u201cel problema con la&nbsp;<strong>perpetuidad&nbsp;<\/strong>del poder y la falta de&nbsp;<strong>alternancia&nbsp;<\/strong>es que se resquebraja el sistema democr\u00e1tico\u201d.<\/p>\n\n\n\n<p>El m\u00e1ximo Tribunal no se expidi\u00f3 al respecto -como sucedi\u00f3 en Tucum\u00e1n y San Juan, en donde se postergaron las elecciones-, por lo que este domingo lo<strong>s formose\u00f1os acudieron a las urnas como estaba previsto&nbsp;<\/strong>en su calendario electoral.<\/p>\n\n\n\n<p>Con el sistema de Ley de Lemas en vigencia, un total de cuatro f\u00f3rmulas (con 64 sublemas) se disputaron los principales cargos en el Poder Ejecutivo para administrar la provincia por los pr\u00f3ximos cuatro a\u00f1os:\u00a0<strong>Gildo Insfr\u00e1n y Eber Sol\u00eds<\/strong>, del Frente para la Victoria;\u00a0<strong>Fernando Carbajal y Mar\u00eda Fernanda Insfr\u00e1n<\/strong>, del Frente Amplio Formose\u00f1o;\u00a0<strong>Francisco Paoltroni y Noem\u00ed Arga\u00f1araz<\/strong>, de Libertad, Trabajo y Progreso, y<strong>\u00a0Fabi\u00e1n Serv\u00edn y Rafael Mart\u00ednez,<\/strong>\u00a0del Partido Obrero.<\/p>\n\n\n\n<p>En 2019, el Frente Amplio Formose\u00f1o hab\u00eda rozado el 30% de los votos. Este a\u00f1o llev\u00f3 como cabeza de f\u00f3rmula a Carbajal, exjuez federal y diputado nacional de Juntos por el Cambio; secundado por Mar\u00eda Fernanda Insfr\u00e1n, extitular de la Anses de Clorinda.<\/p>\n\n\n\n<p>Al igual que&nbsp;<strong>Carbajal<\/strong>, el libertario&nbsp;<strong>Paoltroni confiaba en poder dar el batacazo y arrebatarle el poder a Insfr\u00e1n,<\/strong>&nbsp;pero los primeros datos no acompa\u00f1an esa expectativa.<\/p>\n\n\n\n<p>Adem\u00e1s de gobernador y vicegobernador, este domingo se votaron 15 diputados locales y ocho suplentes, y autoridades municipales.<\/p>\n","protected":false},"excerpt":{"rendered":"<p>Est\u00e1 en el poder provincial desde 1987 y la Corte Suprema no se expidi\u00f3 sobre una presentaci\u00f3n judicial hecha por la oposici\u00f3n. La votaci\u00f3n fue bajo la Ley de Lemas.<\/p>\n","protected":false},"author":2,"featured_media":54673,"comment_status":"open","ping_status":"open","sticky":false,"template":"","format":"standard","meta":{"om_disable_all_campaigns":false,"_monsterinsights_skip_tracking":false,"_monsterinsights_sitenote_active":false,"_monsterinsights_sitenote_note":"","_monsterinsights_sitenote_category":0,"_uf_show_specific_survey":0,"_uf_disable_surveys":false,"jetpack_post_was_ever_published":false,"_jetpack_newsletter_access":"","_jetpack_dont_email_post_to_subs":false,"_jetpack_newsletter_tier_id":0,"_jetpack_memberships_contains_paywalled_content":false,"_jetpack_memberships_contains_paid_content":false,"footnotes":"","jetpack_publicize_message":"","jetpack_publicize_feature_enabled":true,"jetpack_social_post_already_shared":true,"jetpack_social_options":{"image_generator_settings":{"template":"highway","default_image_id":0,"font":"","enabled":false},"version":2}},"categories":[4,18],"tags":[260,371,375,372],"class_list":["post-54672","post","type-post","status-publish","format-standard","has-post-thumbnail","hentry","category-destacadas","category-politica","tag-elecciones-2023","tag-formosa","tag-gildo-insfran","tag-gobernador"],"aioseo_notices":[],"views":14,"jetpack_publicize_connections":[],"jetpack_featured_media_url":"https:\/\/i0.wp.com\/elterritorialweb.com.ar\/web\/wp-content\/uploads\/2023\/06\/gildo-Insfran.webp?fit=608%2C342&ssl=1","jetpack_sharing_enabled":true,"_links":{"self":[{"href":"https:\/\/elterritorialweb.com.ar\/web\/wp-json\/wp\/v2\/posts\/54672","targetHints":{"allow":["GET"]}}],"collection":[{"href":"https:\/\/elterritorialweb.com.ar\/web\/wp-json\/wp\/v2\/posts"}],"about":[{"href":"https:\/\/elterritorialweb.com.ar\/web\/wp-json\/wp\/v2\/types\/post"}],"author":[{"embeddable":true,"href":"https:\/\/elterritorialweb.com.ar\/web\/wp-json\/wp\/v2\/users\/2"}],"replies":[{"embeddable":true,"href":"https:\/\/elterritorialweb.com.ar\/web\/wp-json\/wp\/v2\/comments?post=54672"}],"version-history":[{"count":2,"href":"https:\/\/elterritorialweb.com.ar\/web\/wp-json\/wp\/v2\/posts\/54672\/revisions"}],"predecessor-version":[{"id":54680,"href":"https:\/\/elterritorialweb.com.ar\/web\/wp-json\/wp\/v2\/posts\/54672\/revisions\/54680"}],"wp:featuredmedia":[{"embeddable":true,"href":"https:\/\/elterritorialweb.com.ar\/web\/wp-json\/wp\/v2\/media\/54673"}],"wp:attachment":[{"href":"https:\/\/elterritorialweb.com.ar\/web\/wp-json\/wp\/v2\/media?parent=54672"}],"wp:term":[{"taxonomy":"category","embeddable":true,"href":"https:\/\/elterritorialweb.com.ar\/web\/wp-json\/wp\/v2\/categories?post=54672"},{"taxonomy":"post_tag","embeddable":true,"href":"https:\/\/elterritorialweb.com.ar\/web\/wp-json\/wp\/v2\/tags?post=54672"}],"curies":[{"name":"wp","href":"https:\/\/api.w.org\/{rel}","templated":true}]}}