{"id":54675,"date":"2023-06-26T03:03:03","date_gmt":"2023-06-26T03:03:03","guid":{"rendered":"http:\/\/elterritorialweb.com.ar\/web\/?p=54675"},"modified":"2023-06-26T03:11:26","modified_gmt":"2023-06-26T03:11:26","slug":"segundo-concurso-de-asado-a-la-estaca-madre-de-ciudades","status":"publish","type":"post","link":"https:\/\/elterritorialweb.com.ar\/web\/segundo-concurso-de-asado-a-la-estaca-madre-de-ciudades\/","title":{"rendered":"SEGUNDO CONCURSO DE ASADO A LA ESTACA \u00abMADRE DE CIUDADES\u00bb"},"content":{"rendered":"\n<p>La iniciativa de este evento surge de la propuesta del socio del <strong>C\u00edrculo de Suboficiales de la Polic\u00eda Federal Argentina<\/strong>, el sr Mat\u00edas Emanuel Villarreal quien es asador profesional, y propone al presidente de la Filial 23 del C.S.P.F.A realizar el encuentro.<\/p>\n\n\n\n<p>El a\u00f1o pasado logr\u00f3 reunir a m\u00e1s de 17 equipos de asadores que llegaron de ciudades del interior provincial, c\u00f3mo as\u00ed tambi\u00e9n de provincias vecinas. Adem\u00e1s, cont\u00f3 con la presencia de jurados de nivel internacional.<\/p>\n\n\n\n<p>Cabe mencionar que en su <strong>1\u00b0 edici\u00f3n fue declarado de Inter\u00e9s Provincial, Cultural, Tur\u00edstico, Social y Recreativo, por la Honorable C\u00e1mara de Diputados de la Provincia<\/strong>, y cont\u00f3 con el acompa\u00f1amiento de la Subsecretar\u00eda de Turismo, proponiendo al encuentro entre las ofertas de turismo gastron\u00f3mico.<\/p>\n\n\n\n<h3 class=\"wp-block-heading\">OBJETIVO<\/h3>\n\n\n\n<p>El objetivo del concurso es que puedan participar hombres y mujeres, que disfruten del arte culinario de manera amateur o profesional.<\/p>\n\n\n\n<p>El evento se desarrollar\u00e1 desde las 7 AM y contar\u00e1 con carpa para los comensales, inflables para el entretenimiento de los ni\u00f1os y Feria de Productos Regionales.<\/p>\n\n\n\n<h3 class=\"wp-block-heading\">SEDE<\/h3>\n\n\n\n<p>El C\u00edrculo de Suboficiales de la Polic\u00eda Federal Argentina es una Organizaci\u00f3n sin fines de lucro fundada el 7 de marzo de 1957, que tiene como prop\u00f3sito acrecentar las relaciones con la comunidad proporcionando actividades participativas sociales, culturales, deportivas y recreativas y de la concreci\u00f3n de proyectos en com\u00fan.<\/p>\n\n\n\n<p>La Instituci\u00f3n con Sede Central en la Ciudad Aut\u00f3noma de Buenos Aires, cuenta con 44 Filiales y Representaciones a lo largo y ancho del pa\u00eds, motivo por el cual el encuentro se realizar\u00e1 en 2 categor\u00edas: Libre para el p\u00fablico en General, e Interfilial para los representantes provinciales de nuestra Instituci\u00f3n.<\/p>\n\n\n\n<figure class=\"wp-block-image size-full is-resized\"><a href=\"https:\/\/i0.wp.com\/elterritorialweb.com.ar\/web\/wp-content\/uploads\/2023\/06\/WhatsApp-Image-2023-06-25-at-23.46.20-1.jpeg\"><img data-recalc-dims=\"1\" decoding=\"async\" data-src=\"https:\/\/i0.wp.com\/elterritorialweb.com.ar\/web\/wp-content\/uploads\/2023\/06\/WhatsApp-Image-2023-06-25-at-23.46.20-1.jpeg?resize=640%2C427\" alt=\"\" class=\"wp-image-54676 lazyload\" width=\"640\" height=\"427\" data-srcset=\"https:\/\/i0.wp.com\/elterritorialweb.com.ar\/web\/wp-content\/uploads\/2023\/06\/WhatsApp-Image-2023-06-25-at-23.46.20-1.jpeg?w=720&amp;ssl=1 720w, https:\/\/i0.wp.com\/elterritorialweb.com.ar\/web\/wp-content\/uploads\/2023\/06\/WhatsApp-Image-2023-06-25-at-23.46.20-1.jpeg?resize=300%2C200&amp;ssl=1 300w\" data-sizes=\"(max-width: 640px) 100vw, 640px\" src=\"data:image\/svg+xml;base64,PHN2ZyB3aWR0aD0iMSIgaGVpZ2h0PSIxIiB4bWxucz0iaHR0cDovL3d3dy53My5vcmcvMjAwMC9zdmciPjwvc3ZnPg==\" style=\"--smush-placeholder-width: 640px; --smush-placeholder-aspect-ratio: 640\/427;\" \/><\/a><\/figure>\n\n\n\n<h3 class=\"wp-block-heading\">A LA ESTACA<\/h3>\n\n\n\n<p>El Asado a la estaca, o tambi\u00e9n conocido como \u201casado a la cruz\u201d, es una forma de cocci\u00f3n muy criollo, del campo mismo. Naci\u00f3 en \u00e9poca de peones, cuando no pose\u00eda parrillas, se colocaba el corte de carne generalmente entero en una estaca con forma de cruz, y se cocinaba por horas.<\/p>\n\n\n\n<p>De esta misma manera se llevar\u00e1 a cabo el certamen, con la metodolog\u00eda que deja ver no solo la forma de cocci\u00f3n, tambi\u00e9n las habilidades de los asadores para llevarlos a cabo.<\/p>\n\n\n\n<p><strong>Por inscripciones, bases y condiciones, comunicarse al tel\u00e9fono 1161549464.<\/strong><\/p>\n","protected":false},"excerpt":{"rendered":"<p>El pr\u00f3ximo 22 de Julio en el polideportivo cito en calle Almafuerte y Jujuy, tendr\u00e1 lugar la segunda edici\u00f3n del Concurso del Asado a la Estaca \u201cMadre de Ciudades\u201d.<\/p>\n","protected":false},"author":2,"featured_media":54677,"comment_status":"open","ping_status":"open","sticky":false,"template":"","format":"standard","meta":{"om_disable_all_campaigns":false,"_monsterinsights_skip_tracking":false,"_monsterinsights_sitenote_active":false,"_monsterinsights_sitenote_note":"","_monsterinsights_sitenote_category":0,"_uf_show_specific_survey":0,"_uf_disable_surveys":false,"jetpack_post_was_ever_published":false,"_jetpack_newsletter_access":"","_jetpack_dont_email_post_to_subs":false,"_jetpack_newsletter_tier_id":0,"_jetpack_memberships_contains_paywalled_content":false,"_jetpack_memberships_contains_paid_content":false,"footnotes":"","jetpack_publicize_message":"","jetpack_publicize_feature_enabled":true,"jetpack_social_post_already_shared":true,"jetpack_social_options":{"image_generator_settings":{"template":"highway","default_image_id":0,"font":"","enabled":false},"version":2}},"categories":[21],"tags":[],"class_list":["post-54675","post","type-post","status-publish","format-standard","has-post-thumbnail","hentry","category-locales"],"aioseo_notices":[],"views":105,"jetpack_publicize_connections":[],"jetpack_featured_media_url":"https:\/\/i0.wp.com\/elterritorialweb.com.ar\/web\/wp-content\/uploads\/2023\/06\/WhatsApp-Image-2023-06-25-at-23.46.20.jpeg?fit=720%2C480&ssl=1","jetpack_sharing_enabled":true,"_links":{"self":[{"href":"https:\/\/elterritorialweb.com.ar\/web\/wp-json\/wp\/v2\/posts\/54675","targetHints":{"allow":["GET"]}}],"collection":[{"href":"https:\/\/elterritorialweb.com.ar\/web\/wp-json\/wp\/v2\/posts"}],"about":[{"href":"https:\/\/elterritorialweb.com.ar\/web\/wp-json\/wp\/v2\/types\/post"}],"author":[{"embeddable":true,"href":"https:\/\/elterritorialweb.com.ar\/web\/wp-json\/wp\/v2\/users\/2"}],"replies":[{"embeddable":true,"href":"https:\/\/elterritorialweb.com.ar\/web\/wp-json\/wp\/v2\/comments?post=54675"}],"version-history":[{"count":2,"href":"https:\/\/elterritorialweb.com.ar\/web\/wp-json\/wp\/v2\/posts\/54675\/revisions"}],"predecessor-version":[{"id":54679,"href":"https:\/\/elterritorialweb.com.ar\/web\/wp-json\/wp\/v2\/posts\/54675\/revisions\/54679"}],"wp:featuredmedia":[{"embeddable":true,"href":"https:\/\/elterritorialweb.com.ar\/web\/wp-json\/wp\/v2\/media\/54677"}],"wp:attachment":[{"href":"https:\/\/elterritorialweb.com.ar\/web\/wp-json\/wp\/v2\/media?parent=54675"}],"wp:term":[{"taxonomy":"category","embeddable":true,"href":"https:\/\/elterritorialweb.com.ar\/web\/wp-json\/wp\/v2\/categories?post=54675"},{"taxonomy":"post_tag","embeddable":true,"href":"https:\/\/elterritorialweb.com.ar\/web\/wp-json\/wp\/v2\/tags?post=54675"}],"curies":[{"name":"wp","href":"https:\/\/api.w.org\/{rel}","templated":true}]}}