{"id":54687,"date":"2023-06-26T15:16:07","date_gmt":"2023-06-26T15:16:07","guid":{"rendered":"http:\/\/elterritorialweb.com.ar\/web\/?p=54687"},"modified":"2023-06-26T15:22:30","modified_gmt":"2023-06-26T15:22:30","slug":"pago-de-haberes-para-la-administracion-publica-provincial-3","status":"publish","type":"post","link":"https:\/\/elterritorialweb.com.ar\/web\/pago-de-haberes-para-la-administracion-publica-provincial-3\/","title":{"rendered":"PAGO DE HABERES PARA LA ADMINISTRACI\u00d3N P\u00daBLICA PROVINCIAL"},"content":{"rendered":"\n<p>El Ministerio de Econom\u00eda de Santiago del Estero inform\u00f3 que el pago de sueldos correspondiente al mes de junio para todo el personal de la administraci\u00f3n p\u00fablica provincial se har\u00e1 efectivo los pr\u00f3ximos d\u00edas jueves 29 y viernes 30.<br>En ese sentido, detallaron que los haberes estar\u00e1n disponibles conforme al siguiente cronograma establecido seg\u00fan el \u00faltimo d\u00edgito del DNI.<br>El jueves 29 podr\u00e1n cobrar aquellas personas cuyos documentos de identidad finalizan en 0, 1, 2, 3, y 4.<br>En tanto, el viernes 30 podr\u00e1n concurrir a los cajeros quienes tienen DNI finalizados en 5, 6, 7, 8 y 9.<\/p>\n","protected":false},"excerpt":{"rendered":"<p>As\u00ed lo informaron desde la cartera de econom\u00eda de Santiago del Estero. <\/p>\n","protected":false},"author":2,"featured_media":54688,"comment_status":"open","ping_status":"open","sticky":false,"template":"","format":"standard","meta":{"om_disable_all_campaigns":false,"_monsterinsights_skip_tracking":false,"_monsterinsights_sitenote_active":false,"_monsterinsights_sitenote_note":"","_monsterinsights_sitenote_category":0,"_uf_show_specific_survey":0,"_uf_disable_surveys":false,"jetpack_post_was_ever_published":false,"_jetpack_newsletter_access":"","_jetpack_dont_email_post_to_subs":false,"_jetpack_newsletter_tier_id":0,"_jetpack_memberships_contains_paywalled_content":false,"_jetpack_memberships_contains_paid_content":false,"footnotes":"","jetpack_publicize_message":"","jetpack_publicize_feature_enabled":true,"jetpack_social_post_already_shared":true,"jetpack_social_options":{"image_generator_settings":{"template":"highway","default_image_id":0,"font":"","enabled":false},"version":2}},"categories":[4,2],"tags":[65,49,211],"class_list":["post-54687","post","type-post","status-publish","format-standard","has-post-thumbnail","hentry","category-destacadas","category-economia","tag-administracion-publica-de-santiago-del-estero","tag-gobierno-de-santiago-del-estero","tag-sueldos"],"aioseo_notices":[],"views":12,"jetpack_publicize_connections":[],"jetpack_featured_media_url":"https:\/\/i0.wp.com\/elterritorialweb.com.ar\/web\/wp-content\/uploads\/2023\/06\/WhatsApp-Image-2023-06-26-at-12.14.08-e1687792550746.jpeg?fit=1216%2C944&ssl=1","jetpack_sharing_enabled":true,"_links":{"self":[{"href":"https:\/\/elterritorialweb.com.ar\/web\/wp-json\/wp\/v2\/posts\/54687","targetHints":{"allow":["GET"]}}],"collection":[{"href":"https:\/\/elterritorialweb.com.ar\/web\/wp-json\/wp\/v2\/posts"}],"about":[{"href":"https:\/\/elterritorialweb.com.ar\/web\/wp-json\/wp\/v2\/types\/post"}],"author":[{"embeddable":true,"href":"https:\/\/elterritorialweb.com.ar\/web\/wp-json\/wp\/v2\/users\/2"}],"replies":[{"embeddable":true,"href":"https:\/\/elterritorialweb.com.ar\/web\/wp-json\/wp\/v2\/comments?post=54687"}],"version-history":[{"count":1,"href":"https:\/\/elterritorialweb.com.ar\/web\/wp-json\/wp\/v2\/posts\/54687\/revisions"}],"predecessor-version":[{"id":54689,"href":"https:\/\/elterritorialweb.com.ar\/web\/wp-json\/wp\/v2\/posts\/54687\/revisions\/54689"}],"wp:featuredmedia":[{"embeddable":true,"href":"https:\/\/elterritorialweb.com.ar\/web\/wp-json\/wp\/v2\/media\/54688"}],"wp:attachment":[{"href":"https:\/\/elterritorialweb.com.ar\/web\/wp-json\/wp\/v2\/media?parent=54687"}],"wp:term":[{"taxonomy":"category","embeddable":true,"href":"https:\/\/elterritorialweb.com.ar\/web\/wp-json\/wp\/v2\/categories?post=54687"},{"taxonomy":"post_tag","embeddable":true,"href":"https:\/\/elterritorialweb.com.ar\/web\/wp-json\/wp\/v2\/tags?post=54687"}],"curies":[{"name":"wp","href":"https:\/\/api.w.org\/{rel}","templated":true}]}}