{"id":54690,"date":"2023-06-26T15:38:31","date_gmt":"2023-06-26T15:38:31","guid":{"rendered":"http:\/\/elterritorialweb.com.ar\/web\/?p=54690"},"modified":"2023-06-26T15:38:34","modified_gmt":"2023-06-26T15:38:34","slug":"el-frente-civico-por-santiago-presenta-sus-precandidatos","status":"publish","type":"post","link":"https:\/\/elterritorialweb.com.ar\/web\/el-frente-civico-por-santiago-presenta-sus-precandidatos\/","title":{"rendered":"EL FRENTE C\u00cdVICO POR SANTIAGO PRESENTA SUS PRECANDIDATOS"},"content":{"rendered":"\n<p>El&nbsp;<strong>Frente C\u00edvico por Santiago<\/strong>&nbsp;presentar\u00e1 esta tarde a sus&nbsp;<strong>precandidatos para las pr\u00f3ximas Primarias Abiertas, Simult\u00e1neas y Obligatorias<\/strong>, a partir de las&nbsp;<strong>17.30, en el Colegio de Profesionales de Ciencias Econ\u00f3micas<\/strong>, frente a la plaza Sarmiento, en la ciudad Capital.<\/p>\n\n\n\n<p><strong>La presentaci\u00f3n de la lista estar\u00e1 encabezada por el m\u00e1ximo referente y gobernador, Gerardo Zamora<\/strong>, que a su vez, ser\u00e1 precandidato a legislador por el Parlasur, distrito Santiago del Estero. El Frente C\u00edvico por Santiago adhiere a la f\u00f3rmula presidencial de Sergio Massa presidente y Agust\u00edn Rossi vicepresidente, del frente Uni\u00f3n por la Patria.<\/p>\n\n\n\n<p>Como se recordar\u00e1, la&nbsp;<strong>lista de precandidatos a diputados nacionales son titulares: Ricardo Daives, Estela Neder&nbsp;<\/strong>(ambos ocupan hoy una banca en la C\u00e1mara baja y buscar\u00e1n renovar). A ellos se suman el actual secretario general de la CGT Santiago del Estero y titular del gremio Luz y Fuerza,&nbsp;<strong>Jos\u00e9 Edgardo G\u00f3mez<\/strong>; y la exdiputada provincial&nbsp;<strong>Celia Mar\u00eda Campitelli de Dib<\/strong>, en tercer y cuarto lugar, respectivamente.<\/p>\n\n\n\n<p>La lista de suplentes la integran en primer t\u00e9rmino el exintendente de Ojo de Agua, Antonio \u201cLelo\u201d Asahd Bitar, Victoria Lorenzo (Movimiento Evita) y Claudio Francisco Nicolau, delegado de la Subsecretar\u00eda de Agricultura Familiar de la Naci\u00f3n y exintendente de Pozo Hondo.<\/p>\n\n\n\n<p>Adem\u00e1s de<strong>&nbsp;Gerardo Zamora como precandidato titular para legislador del Parlasur<\/strong>, como suplentes figuran Ana Mar\u00eda Corradi (concejal bande\u00f1a) y Guillermo Antonio Novara (ex intendente y actual concejal de Bandera).<\/p>\n\n\n\n<p>La presidenta provisional del Senado, Claudia Ledesma Abdala de Zamora, invit\u00f3 a participar de esta presentaci\u00f3n: \u201cContamos con vos, para dar tu apoyo a los candidatos del proyecto pol\u00edtico que transform\u00f3 para siempre la historia de nuestra provincia\u201d.<\/p>\n","protected":false},"excerpt":{"rendered":"<p>El Colegio de Ciencias Econ\u00f3micas, en calle Buenos Aires, ser\u00e1 sede de la actividad prevista para las 17.30 de este lunes.<\/p>\n","protected":false},"author":2,"featured_media":54691,"comment_status":"open","ping_status":"open","sticky":false,"template":"","format":"standard","meta":{"om_disable_all_campaigns":false,"_monsterinsights_skip_tracking":false,"_monsterinsights_sitenote_active":false,"_monsterinsights_sitenote_note":"","_monsterinsights_sitenote_category":0,"_uf_show_specific_survey":0,"_uf_disable_surveys":false,"jetpack_post_was_ever_published":false,"_jetpack_newsletter_access":"","_jetpack_dont_email_post_to_subs":false,"_jetpack_newsletter_tier_id":0,"_jetpack_memberships_contains_paywalled_content":false,"_jetpack_memberships_contains_paid_content":false,"footnotes":"","jetpack_publicize_message":"","jetpack_publicize_feature_enabled":true,"jetpack_social_post_already_shared":true,"jetpack_social_options":{"image_generator_settings":{"template":"highway","default_image_id":0,"font":"","enabled":false},"version":2}},"categories":[4,21],"tags":[260,376,59,377],"class_list":["post-54690","post","type-post","status-publish","format-standard","has-post-thumbnail","hentry","category-destacadas","category-locales","tag-elecciones-2023","tag-frente-civico-por-santiago","tag-gerardo-zamora","tag-paso-2023"],"aioseo_notices":[],"views":17,"jetpack_publicize_connections":[],"jetpack_featured_media_url":"https:\/\/i0.wp.com\/elterritorialweb.com.ar\/web\/wp-content\/uploads\/2023\/06\/frente-civico.jpg?fit=1024%2C716&ssl=1","jetpack_sharing_enabled":true,"_links":{"self":[{"href":"https:\/\/elterritorialweb.com.ar\/web\/wp-json\/wp\/v2\/posts\/54690","targetHints":{"allow":["GET"]}}],"collection":[{"href":"https:\/\/elterritorialweb.com.ar\/web\/wp-json\/wp\/v2\/posts"}],"about":[{"href":"https:\/\/elterritorialweb.com.ar\/web\/wp-json\/wp\/v2\/types\/post"}],"author":[{"embeddable":true,"href":"https:\/\/elterritorialweb.com.ar\/web\/wp-json\/wp\/v2\/users\/2"}],"replies":[{"embeddable":true,"href":"https:\/\/elterritorialweb.com.ar\/web\/wp-json\/wp\/v2\/comments?post=54690"}],"version-history":[{"count":1,"href":"https:\/\/elterritorialweb.com.ar\/web\/wp-json\/wp\/v2\/posts\/54690\/revisions"}],"predecessor-version":[{"id":54692,"href":"https:\/\/elterritorialweb.com.ar\/web\/wp-json\/wp\/v2\/posts\/54690\/revisions\/54692"}],"wp:featuredmedia":[{"embeddable":true,"href":"https:\/\/elterritorialweb.com.ar\/web\/wp-json\/wp\/v2\/media\/54691"}],"wp:attachment":[{"href":"https:\/\/elterritorialweb.com.ar\/web\/wp-json\/wp\/v2\/media?parent=54690"}],"wp:term":[{"taxonomy":"category","embeddable":true,"href":"https:\/\/elterritorialweb.com.ar\/web\/wp-json\/wp\/v2\/categories?post=54690"},{"taxonomy":"post_tag","embeddable":true,"href":"https:\/\/elterritorialweb.com.ar\/web\/wp-json\/wp\/v2\/tags?post=54690"}],"curies":[{"name":"wp","href":"https:\/\/api.w.org\/{rel}","templated":true}]}}