{"id":54723,"date":"2023-06-26T19:13:00","date_gmt":"2023-06-26T19:13:00","guid":{"rendered":"http:\/\/elterritorialweb.com.ar\/web\/?p=54723"},"modified":"2023-06-26T19:14:20","modified_gmt":"2023-06-26T19:14:20","slug":"nuevas-fechas-para-las-inscripciones-del-curso-de-agentes-sanitarios","status":"publish","type":"post","link":"https:\/\/elterritorialweb.com.ar\/web\/nuevas-fechas-para-las-inscripciones-del-curso-de-agentes-sanitarios\/","title":{"rendered":"NUEVAS FECHAS PARA LAS INSCRIPCIONES DEL CURSO DE AGENTES SANITARIOS"},"content":{"rendered":"\n<p>Dicha capacitaci\u00f3n es respaldada por la Fundaci\u00f3n de Enfermer\u00eda del Noroeste Argentino (FENOA) DPJ N\u00b0 523\/99, Entidad de Bien P\u00fablico de la Naci\u00f3n N\u00b0 1339, con el auspicio del Ministerio de Salud y Ambiente de la Naci\u00f3n, Resoluci\u00f3n Ministerial N\u00b0 1252\/06; Municipalidad de La Banda Resoluci\u00f3n Serie A N\u00b0 480, A\u00f1o 2010; Declarado de Inter\u00e9s Regional Cultural Educativo por la C\u00e1mara de Diputados de la Provincia de Santiago del Estero; Declarado de Inter\u00e9s Nacional por la C\u00e1mara de Diputados de la Naci\u00f3n Decreto N\u00b0 3993; Declarado de Inter\u00e9s P\u00fablico de la Honorable Legislatura de la Ciudad de Buenos Aires, N\u00b0 2010.<br>La misma cuenta con una carga horaria de 600 horas y una duraci\u00f3n de seis meses, con entrega de certificado y anal\u00edtico. Se desarrollar\u00e1 de modo virtual y una clase presencial por mes.<br>Para conocer sobre los requisitos los interesados deben comunicarse al n\u00famero de celular 385 435 36 58.<\/p>\n","protected":false},"excerpt":{"rendered":"<p>La Municipalidad de La Banda informa que los d\u00edas 30 de junio y 7 de julio en el horario de 18 a 20 se realizar\u00e1n las inscripciones para el curso de capacitaci\u00f3n y formaci\u00f3n de agentes sanitarios estrat\u00e9gicos en las instalaciones de la Casa del Bicentenario sita en avenida Besares y Garay.<\/p>\n","protected":false},"author":2,"featured_media":54724,"comment_status":"open","ping_status":"open","sticky":false,"template":"","format":"standard","meta":{"om_disable_all_campaigns":false,"_monsterinsights_skip_tracking":false,"_monsterinsights_sitenote_active":false,"_monsterinsights_sitenote_note":"","_monsterinsights_sitenote_category":0,"_uf_show_specific_survey":0,"_uf_disable_surveys":false,"jetpack_post_was_ever_published":false,"_jetpack_newsletter_access":"","_jetpack_dont_email_post_to_subs":false,"_jetpack_newsletter_tier_id":0,"_jetpack_memberships_contains_paywalled_content":false,"_jetpack_memberships_contains_paid_content":false,"footnotes":"","jetpack_publicize_message":"","jetpack_publicize_feature_enabled":true,"jetpack_social_post_already_shared":true,"jetpack_social_options":{"image_generator_settings":{"template":"highway","default_image_id":0,"font":"","enabled":false},"version":2}},"categories":[9],"tags":[378,71],"class_list":["post-54723","post","type-post","status-publish","format-standard","has-post-thumbnail","hentry","category-banda","tag-curso-de-agente-sanitario","tag-municipalidad-de-la-banda"],"aioseo_notices":[],"views":15,"jetpack_publicize_connections":[],"jetpack_featured_media_url":"https:\/\/i0.wp.com\/elterritorialweb.com.ar\/web\/wp-content\/uploads\/2023\/06\/WhatsApp-Image-2023-06-26-at-12.52.39-1.jpeg?fit=1280%2C845&ssl=1","jetpack_sharing_enabled":true,"_links":{"self":[{"href":"https:\/\/elterritorialweb.com.ar\/web\/wp-json\/wp\/v2\/posts\/54723","targetHints":{"allow":["GET"]}}],"collection":[{"href":"https:\/\/elterritorialweb.com.ar\/web\/wp-json\/wp\/v2\/posts"}],"about":[{"href":"https:\/\/elterritorialweb.com.ar\/web\/wp-json\/wp\/v2\/types\/post"}],"author":[{"embeddable":true,"href":"https:\/\/elterritorialweb.com.ar\/web\/wp-json\/wp\/v2\/users\/2"}],"replies":[{"embeddable":true,"href":"https:\/\/elterritorialweb.com.ar\/web\/wp-json\/wp\/v2\/comments?post=54723"}],"version-history":[{"count":1,"href":"https:\/\/elterritorialweb.com.ar\/web\/wp-json\/wp\/v2\/posts\/54723\/revisions"}],"predecessor-version":[{"id":54725,"href":"https:\/\/elterritorialweb.com.ar\/web\/wp-json\/wp\/v2\/posts\/54723\/revisions\/54725"}],"wp:featuredmedia":[{"embeddable":true,"href":"https:\/\/elterritorialweb.com.ar\/web\/wp-json\/wp\/v2\/media\/54724"}],"wp:attachment":[{"href":"https:\/\/elterritorialweb.com.ar\/web\/wp-json\/wp\/v2\/media?parent=54723"}],"wp:term":[{"taxonomy":"category","embeddable":true,"href":"https:\/\/elterritorialweb.com.ar\/web\/wp-json\/wp\/v2\/categories?post=54723"},{"taxonomy":"post_tag","embeddable":true,"href":"https:\/\/elterritorialweb.com.ar\/web\/wp-json\/wp\/v2\/tags?post=54723"}],"curies":[{"name":"wp","href":"https:\/\/api.w.org\/{rel}","templated":true}]}}