{"id":54726,"date":"2023-06-26T19:29:52","date_gmt":"2023-06-26T19:29:52","guid":{"rendered":"http:\/\/elterritorialweb.com.ar\/web\/?p=54726"},"modified":"2023-06-26T19:30:12","modified_gmt":"2023-06-26T19:30:12","slug":"massa-acordo-la-refinancion-de-la-deuda-con-el-club-de-paris","status":"publish","type":"post","link":"https:\/\/elterritorialweb.com.ar\/web\/massa-acordo-la-refinancion-de-la-deuda-con-el-club-de-paris\/","title":{"rendered":"MASSA ACORD\u00d3 LA REFINANCI\u00d3N DE LA DEUDA CON EL CLUB DE PAR\u00cdS"},"content":{"rendered":"\n<p>Tras\u00a0la reuni\u00f3n del gabinete econ\u00f3mico de este lunes, el ministro de Econom\u00eda,\u00a0<strong>Sergio Massa, firm\u00f3 acuerdos bilaterales con tres integrantes del Club de Par\u00eds para refinanciar la deuda vigente con el organismo<\/strong>. As\u00ed, logr\u00f3 sellar acuerdos bilaterales con 15 de los 16 acreedores de la instituci\u00f3n.<\/p>\n\n\n\n<p><strong>Los pa\u00edses involucrados en los nuevos convenios son Espa\u00f1a, Francia y Suecia<\/strong>. La firma se dio en el marco del proceso de refinanciaci\u00f3n de la deuda que el pa\u00eds tiene con el organismo con sede en Par\u00eds, que se suma al acuerdo alcanzado en octubre de 2022, por el cual se reprogramaron el 100% de los montos adeudados mediante pagos realizados durante trece semestres consecutivos hasta finalizar en 2028.<\/p>\n\n\n\n<p>De esta forma, se modific\u00f3 la Declaraci\u00f3n Conjunta de 2014, que<strong>&nbsp;hab\u00eda quedado en mora luego de que Argentina suspendiera los pagos en 2019<\/strong>.<\/p>\n\n\n\n<p>Participaron de la ceremonia de firma los embajadores&nbsp;<strong>Mar\u00eda Jes\u00fas Alonso (Espa\u00f1a), Claudia Scherer-Effosse (Francia) y Anders Carlsson (Suecia)<\/strong>, en tanto que el ministro estuvo acompa\u00f1ado por su asesor principal en relaciones internacionales,&nbsp;<strong>Gustavo Mart\u00ednez Pandiani<\/strong>.<\/p>\n\n\n\n<p>La suscripci\u00f3n de estos tres convenios se suman a los ya alcanzados en los \u00faltimos meses con<strong>&nbsp;Italia, B\u00e9lgica, Suiza, Pa\u00edses Bajos, Alemania, Canad\u00e1, Israel, Finlandia, Austria, Dinamarca, Estados Unidos y Reino Unido<\/strong>.<\/p>\n\n\n\n<p>Seg\u00fan expres\u00f3 Massa,&nbsp;<strong>estos acuerdos permitir\u00e1n garantizar la sostenibilidad del perfil de deuda<\/strong>&nbsp;y con ello sostener la recuperaci\u00f3n econ\u00f3mica.<\/p>\n\n\n\n<p>Adem\u00e1s, el ministro destac\u00f3 la relevancia de los convenios como parte del proceso de ordenamiento macroecon\u00f3mico que&nbsp;<strong>permitir\u00e1 tanto al sector p\u00fablico como privado conseguir financiamiento para el desarrollo de importantes proyectos de infraestructura<\/strong>, que aumentar\u00e1n la competitividad de la econom\u00eda nacional, al tiempo que promover\u00e1n exportaciones de bienes y servicios regionales.<\/p>\n\n\n\n<p><strong>\u00abDe este modo cumplimos una meta importante en nuestra hoja de ruta para ordenar y regularizar las relaciones financieras internacionales\u00bb<\/strong>, afirm\u00f3.<\/p>\n","protected":false},"excerpt":{"rendered":"<p>El ministro de Econom\u00eda logr\u00f3 sellar acuerdos bilaterales con 15 de los 16 acreedores de la instituci\u00f3n. Se reprogramaron el 100% de los montos adeudados mediante pagos realizados durante trece semestres consecutivos hasta finalizar en 2028<\/p>\n","protected":false},"author":2,"featured_media":54727,"comment_status":"open","ping_status":"open","sticky":false,"template":"","format":"standard","meta":{"om_disable_all_campaigns":false,"_monsterinsights_skip_tracking":false,"_monsterinsights_sitenote_active":false,"_monsterinsights_sitenote_note":"","_monsterinsights_sitenote_category":0,"_uf_show_specific_survey":0,"_uf_disable_surveys":false,"jetpack_post_was_ever_published":false,"_jetpack_newsletter_access":"","_jetpack_dont_email_post_to_subs":false,"_jetpack_newsletter_tier_id":0,"_jetpack_memberships_contains_paywalled_content":false,"_jetpack_memberships_contains_paid_content":false,"footnotes":"","jetpack_publicize_message":"","jetpack_publicize_feature_enabled":true,"jetpack_social_post_already_shared":true,"jetpack_social_options":{"image_generator_settings":{"template":"highway","default_image_id":0,"font":"","enabled":false},"version":2}},"categories":[4,2],"tags":[379,68],"class_list":["post-54726","post","type-post","status-publish","format-standard","has-post-thumbnail","hentry","category-destacadas","category-economia","tag-club-de-paris","tag-sergio-massa"],"aioseo_notices":[],"views":10,"jetpack_publicize_connections":[],"jetpack_featured_media_url":"https:\/\/i0.wp.com\/elterritorialweb.com.ar\/web\/wp-content\/uploads\/2023\/06\/massa-club-de-paris.jpg?fit=1280%2C720&ssl=1","jetpack_sharing_enabled":true,"_links":{"self":[{"href":"https:\/\/elterritorialweb.com.ar\/web\/wp-json\/wp\/v2\/posts\/54726","targetHints":{"allow":["GET"]}}],"collection":[{"href":"https:\/\/elterritorialweb.com.ar\/web\/wp-json\/wp\/v2\/posts"}],"about":[{"href":"https:\/\/elterritorialweb.com.ar\/web\/wp-json\/wp\/v2\/types\/post"}],"author":[{"embeddable":true,"href":"https:\/\/elterritorialweb.com.ar\/web\/wp-json\/wp\/v2\/users\/2"}],"replies":[{"embeddable":true,"href":"https:\/\/elterritorialweb.com.ar\/web\/wp-json\/wp\/v2\/comments?post=54726"}],"version-history":[{"count":1,"href":"https:\/\/elterritorialweb.com.ar\/web\/wp-json\/wp\/v2\/posts\/54726\/revisions"}],"predecessor-version":[{"id":54728,"href":"https:\/\/elterritorialweb.com.ar\/web\/wp-json\/wp\/v2\/posts\/54726\/revisions\/54728"}],"wp:featuredmedia":[{"embeddable":true,"href":"https:\/\/elterritorialweb.com.ar\/web\/wp-json\/wp\/v2\/media\/54727"}],"wp:attachment":[{"href":"https:\/\/elterritorialweb.com.ar\/web\/wp-json\/wp\/v2\/media?parent=54726"}],"wp:term":[{"taxonomy":"category","embeddable":true,"href":"https:\/\/elterritorialweb.com.ar\/web\/wp-json\/wp\/v2\/categories?post=54726"},{"taxonomy":"post_tag","embeddable":true,"href":"https:\/\/elterritorialweb.com.ar\/web\/wp-json\/wp\/v2\/tags?post=54726"}],"curies":[{"name":"wp","href":"https:\/\/api.w.org\/{rel}","templated":true}]}}