{"id":54745,"date":"2023-06-26T23:03:25","date_gmt":"2023-06-26T23:03:25","guid":{"rendered":"http:\/\/elterritorialweb.com.ar\/web\/?p=54745"},"modified":"2023-06-26T23:12:14","modified_gmt":"2023-06-26T23:12:14","slug":"procesaron-a-claudio-caniggia-por-abuso-sexual-agravado","status":"publish","type":"post","link":"https:\/\/elterritorialweb.com.ar\/web\/procesaron-a-claudio-caniggia-por-abuso-sexual-agravado\/","title":{"rendered":"PROCESARON A CLAUDIO CANIGGIA POR ABUSO SEXUAL AGRAVADO"},"content":{"rendered":"\n<p>El exfutbolista&nbsp;<strong>Claudio Caniggia<\/strong>&nbsp;fue procesado por el delito de abuso sexual agravado en la denuncia de su expareja&nbsp;<strong>Mariana Nannis.<\/strong>&nbsp;La Justicia, en su medida, tambi\u00e9n determin\u00f3 que el exjugador&nbsp;<strong>no cumpla una prisi\u00f3n preventiva.<\/strong><\/p>\n\n\n\n<p>Tambi\u00e9n, la Justicia trab\u00f3 un embargo de hasta&nbsp;<strong>$5.000.000<\/strong>, dinero que deber\u00e1 ser depositado antes de tres d\u00edas, con un \u00abapercibimiento de dictar la inhibici\u00f3n general de bienes en caso de&nbsp;<strong>incumplimiento injustificado\u00bb<\/strong>, por lo que de esta manera se advirti\u00f3 al exdelantero de la Selecci\u00f3n argentina.<\/p>\n\n\n\n<p>En tanto, se dispuso mantener una medida cautelar dictada en junio de 2022, en la que se orden\u00f3 a Caniggia&nbsp;<strong>no tener ning\u00fan tipo de contacto con Nannis<\/strong>, adem\u00e1s de que el exjugador, de 56 a\u00f1os, deber\u00e1 avisar al menos cinco d\u00edas h\u00e1biles antes en caso de salir de la Argentina. Tambi\u00e9n deber\u00e1 notificar a cu\u00e1l pa\u00eds viajar\u00e1 y durante cu\u00e1nto tiempo permanecer\u00e1 en el exterior.<\/p>\n\n\n\n<p>Seg\u00fan Nannis, el hecho se produjo el&nbsp;<strong>6 de mayo de 2018<\/strong>&nbsp;durante la madrugada y las primeras horas de la ma\u00f1ana en un departamento del hotel Faena, ubicado en la Ciudad de Buenos Aires.<\/p>\n\n\n\n<p>En la denuncia se expres\u00f3 que Caniggia&nbsp;<strong>intent\u00f3 tener relaciones sexuales con la exmodelo, quien se neg\u00f3, por lo que el exfutbolista la amenaz\u00f3, la golpe\u00f3 y luego la viol\u00f3.<\/strong><\/p>\n","protected":false},"excerpt":{"rendered":"<p>No se dict\u00f3 la prisi\u00f3n preventiva. Tambi\u00e9n, la Justicia orden\u00f3 que no podr\u00e1 contactarse con la denunciante, su expareja Mariana Nannis.<\/p>\n","protected":false},"author":2,"featured_media":54746,"comment_status":"open","ping_status":"open","sticky":false,"template":"","format":"standard","meta":{"om_disable_all_campaigns":false,"_monsterinsights_skip_tracking":false,"_monsterinsights_sitenote_active":false,"_monsterinsights_sitenote_note":"","_monsterinsights_sitenote_category":0,"_uf_show_specific_survey":0,"_uf_disable_surveys":false,"jetpack_post_was_ever_published":false,"_jetpack_newsletter_access":"","_jetpack_dont_email_post_to_subs":false,"_jetpack_newsletter_tier_id":0,"_jetpack_memberships_contains_paywalled_content":false,"_jetpack_memberships_contains_paid_content":false,"footnotes":"","jetpack_publicize_message":"","jetpack_publicize_feature_enabled":true,"jetpack_social_post_already_shared":true,"jetpack_social_options":{"image_generator_settings":{"template":"highway","default_image_id":0,"font":"","enabled":false},"version":2}},"categories":[6],"tags":[381,382],"class_list":["post-54745","post","type-post","status-publish","format-standard","has-post-thumbnail","hentry","category-deportes","tag-claudio-caniggia","tag-mariana-nannis"],"aioseo_notices":[],"views":10,"jetpack_publicize_connections":[],"jetpack_featured_media_url":"https:\/\/i0.wp.com\/elterritorialweb.com.ar\/web\/wp-content\/uploads\/2023\/06\/OV6XWNIUZFADBDW7Z3J75TB27U.jpg?fit=767%2C431&ssl=1","jetpack_sharing_enabled":true,"_links":{"self":[{"href":"https:\/\/elterritorialweb.com.ar\/web\/wp-json\/wp\/v2\/posts\/54745","targetHints":{"allow":["GET"]}}],"collection":[{"href":"https:\/\/elterritorialweb.com.ar\/web\/wp-json\/wp\/v2\/posts"}],"about":[{"href":"https:\/\/elterritorialweb.com.ar\/web\/wp-json\/wp\/v2\/types\/post"}],"author":[{"embeddable":true,"href":"https:\/\/elterritorialweb.com.ar\/web\/wp-json\/wp\/v2\/users\/2"}],"replies":[{"embeddable":true,"href":"https:\/\/elterritorialweb.com.ar\/web\/wp-json\/wp\/v2\/comments?post=54745"}],"version-history":[{"count":4,"href":"https:\/\/elterritorialweb.com.ar\/web\/wp-json\/wp\/v2\/posts\/54745\/revisions"}],"predecessor-version":[{"id":54750,"href":"https:\/\/elterritorialweb.com.ar\/web\/wp-json\/wp\/v2\/posts\/54745\/revisions\/54750"}],"wp:featuredmedia":[{"embeddable":true,"href":"https:\/\/elterritorialweb.com.ar\/web\/wp-json\/wp\/v2\/media\/54746"}],"wp:attachment":[{"href":"https:\/\/elterritorialweb.com.ar\/web\/wp-json\/wp\/v2\/media?parent=54745"}],"wp:term":[{"taxonomy":"category","embeddable":true,"href":"https:\/\/elterritorialweb.com.ar\/web\/wp-json\/wp\/v2\/categories?post=54745"},{"taxonomy":"post_tag","embeddable":true,"href":"https:\/\/elterritorialweb.com.ar\/web\/wp-json\/wp\/v2\/tags?post=54745"}],"curies":[{"name":"wp","href":"https:\/\/api.w.org\/{rel}","templated":true}]}}