{"id":54752,"date":"2023-06-26T23:29:03","date_gmt":"2023-06-26T23:29:03","guid":{"rendered":"http:\/\/elterritorialweb.com.ar\/web\/?p=54752"},"modified":"2023-06-27T01:36:59","modified_gmt":"2023-06-27T01:36:59","slug":"el-frente-civico-por-santiago-presento-a-los-precandidatos-para-las-paso-del-13-de-agosto","status":"publish","type":"post","link":"https:\/\/elterritorialweb.com.ar\/web\/el-frente-civico-por-santiago-presento-a-los-precandidatos-para-las-paso-del-13-de-agosto\/","title":{"rendered":"EL FRENTE CIVICO POR SANTIAGO PRESENT\u00d3 A LOS PRECANDIDATOS PARA LAS PASO DEL 13 DE AGOSTO"},"content":{"rendered":"\n<p>Este lunes en el Consejo Profesional de Ciencias Econ\u00f3micas, el&nbsp;<strong>Frente C\u00edvico por Santiago<\/strong>&nbsp;present\u00f3 a los precandidatos para las PASO del 13 de agosto. El acto fue encabezado por el&nbsp;<strong>gobernador Gerardo Zamora<\/strong>. El mandatario santiague\u00f1o pidi\u00f3 el apoyo de los santiague\u00f1os para los candidatos y breg\u00f3 por un pa\u00eds federal e inclusivo.<\/p>\n\n\n\n<p>La lista de precandidatos a diputados nacionales son titulares: Ricardo Daives, Estela Neder (ambos ocupan hoy una banca en la C\u00e1mara baja y buscar\u00e1n renovar). A ellos se suman el actual secretario general de la CGT Santiago del Estero y titular del gremio Luz y Fuerza, Jos\u00e9 Edgardo G\u00f3mez; y la exdiputada provincial Celia Mar\u00eda Campitelli de Dib, en tercer y cuarto lugar, respectivamente.<\/p>\n\n\n\n<p>La lista de suplentes la integran en primer t\u00e9rmino el exintendente de Ojo de Agua, Antonio \u201cLelo\u201d Asahd Bitar, Victoria Lorenzo (Movimiento Evita) y Claudio Francisco Nicolau, delegado de la Subsecretar\u00eda de Agricultura Familiar de la Naci\u00f3n y exintendente de Pozo Hondo.<\/p>\n\n\n\n<figure class=\"wp-block-image size-large\"><a href=\"https:\/\/i0.wp.com\/elterritorialweb.com.ar\/web\/wp-content\/uploads\/2023\/06\/WhatsApp-Image-2023-06-26-at-20.34.47.jpeg\"><img data-recalc-dims=\"1\" decoding=\"async\" width=\"640\" height=\"426\" data-src=\"https:\/\/i0.wp.com\/elterritorialweb.com.ar\/web\/wp-content\/uploads\/2023\/06\/WhatsApp-Image-2023-06-26-at-20.34.47.jpeg?resize=640%2C426\" alt=\"\" class=\"wp-image-54756 lazyload\" data-srcset=\"https:\/\/i0.wp.com\/elterritorialweb.com.ar\/web\/wp-content\/uploads\/2023\/06\/WhatsApp-Image-2023-06-26-at-20.34.47.jpeg?resize=1024%2C682&amp;ssl=1 1024w, https:\/\/i0.wp.com\/elterritorialweb.com.ar\/web\/wp-content\/uploads\/2023\/06\/WhatsApp-Image-2023-06-26-at-20.34.47.jpeg?resize=300%2C200&amp;ssl=1 300w, https:\/\/i0.wp.com\/elterritorialweb.com.ar\/web\/wp-content\/uploads\/2023\/06\/WhatsApp-Image-2023-06-26-at-20.34.47.jpeg?resize=768%2C512&amp;ssl=1 768w, https:\/\/i0.wp.com\/elterritorialweb.com.ar\/web\/wp-content\/uploads\/2023\/06\/WhatsApp-Image-2023-06-26-at-20.34.47.jpeg?w=1148&amp;ssl=1 1148w\" data-sizes=\"(max-width: 640px) 100vw, 640px\" src=\"data:image\/svg+xml;base64,PHN2ZyB3aWR0aD0iMSIgaGVpZ2h0PSIxIiB4bWxucz0iaHR0cDovL3d3dy53My5vcmcvMjAwMC9zdmciPjwvc3ZnPg==\" style=\"--smush-placeholder-width: 640px; --smush-placeholder-aspect-ratio: 640\/426;\" \/><\/a><\/figure>\n\n\n\n<p>Adem\u00e1s de Gerardo Zamora como precandidato titular para legislador del Parlasur, como suplentes figuran Ana Mar\u00eda Corradi (concejal bande\u00f1a) y Guillermo Antonio Novara (ex intendente y actual concejal de Bandera).<\/p>\n\n\n\n<p>El&nbsp;<strong>gobernador Gerardo Zomara<\/strong>, en su discurso, agradeci\u00f3 a la militancia que desbord\u00f3 las calles en inmediaciones de la plaza Sarmiento. \u201cSon la fuerza viva de nuestras convicciones. Es un a\u00f1o importante para nuestro pa\u00eds y la democracia. Se cumplen 40 a\u00f1os de democracia ininterrumpida en la Rep\u00fablica Argentina. Es un valor que debemos preservar por encima de cualquier bandera pol\u00edtica. Iniciamos un proceso camino a agosto y luego a octubre. All\u00e1 por el 2004\/2005, decidimos llevar adelante este proyecto de unidad de los santiague\u00f1os. Desarrollamos un proyecto de provincia con errores y aciertos; nuestra profuinda vocaci\u00f3n es trabajar por la paz social y el desarrollo econ\u00f3mico; el Frente C\u00edvico por Santiago gobierna para todos\u201d, se\u00f1al\u00f3.&nbsp;<\/p>\n\n\n\n<figure class=\"wp-block-image size-large\"><a href=\"https:\/\/i0.wp.com\/elterritorialweb.com.ar\/web\/wp-content\/uploads\/2023\/06\/WhatsApp-Image-2023-06-26-at-20.39.05.jpeg\"><img data-recalc-dims=\"1\" decoding=\"async\" width=\"640\" height=\"331\" data-src=\"https:\/\/i0.wp.com\/elterritorialweb.com.ar\/web\/wp-content\/uploads\/2023\/06\/WhatsApp-Image-2023-06-26-at-20.39.05.jpeg?resize=640%2C331\" alt=\"\" class=\"wp-image-54758 lazyload\" data-srcset=\"https:\/\/i0.wp.com\/elterritorialweb.com.ar\/web\/wp-content\/uploads\/2023\/06\/WhatsApp-Image-2023-06-26-at-20.39.05.jpeg?resize=1024%2C530&amp;ssl=1 1024w, https:\/\/i0.wp.com\/elterritorialweb.com.ar\/web\/wp-content\/uploads\/2023\/06\/WhatsApp-Image-2023-06-26-at-20.39.05.jpeg?resize=300%2C155&amp;ssl=1 300w, https:\/\/i0.wp.com\/elterritorialweb.com.ar\/web\/wp-content\/uploads\/2023\/06\/WhatsApp-Image-2023-06-26-at-20.39.05.jpeg?resize=768%2C397&amp;ssl=1 768w, https:\/\/i0.wp.com\/elterritorialweb.com.ar\/web\/wp-content\/uploads\/2023\/06\/WhatsApp-Image-2023-06-26-at-20.39.05.jpeg?w=1280&amp;ssl=1 1280w\" data-sizes=\"(max-width: 640px) 100vw, 640px\" src=\"data:image\/svg+xml;base64,PHN2ZyB3aWR0aD0iMSIgaGVpZ2h0PSIxIiB4bWxucz0iaHR0cDovL3d3dy53My5vcmcvMjAwMC9zdmciPjwvc3ZnPg==\" style=\"--smush-placeholder-width: 640px; --smush-placeholder-aspect-ratio: 640\/331;\" \/><\/a><\/figure>\n\n\n\n<p>\u201cHemos venido gobernando desde la pol\u00edtica; ning\u00fan sector nos va decir qu\u00e9 candidatos elegir y qu\u00e9 candidatos acompa\u00f1ar. Pediremos la responsabilidad necesaria y vamos a actuar desde este federalismo al cual vamos a defender siempre. No vamos a claudicar porque sabemos que si no hay federalismo no hay pa\u00eds. Esta lista de diputados nacionales, contribuye el proyecto de Santiago del Estero. Les pedimos que nos den el voto de confianza. Van a trabajar por todos y por un pa\u00eds federal\u201d, puntualiz\u00f3.<\/p>\n\n\n\n<p><\/p>\n","protected":false},"excerpt":{"rendered":"<p>Ante un sal\u00f3n colmado y una multitud en las inmediaciones del Consejo Profesional de Ciencias Econ\u00f3micas, el Frente C\u00edvico por Santiago hizo la presentaci\u00f3n oficial de los candidatos a diputados nacionales y representantes ante el Parlasur, con vistas a las elecciones Primarias, Abiertas, Simult\u00e1neas y Obligatorias (Paso) del 13 de agosto pr\u00f3ximo.<\/p>\n","protected":false},"author":2,"featured_media":54757,"comment_status":"open","ping_status":"open","sticky":false,"template":"","format":"standard","meta":{"om_disable_all_campaigns":false,"_monsterinsights_skip_tracking":false,"_monsterinsights_sitenote_active":false,"_monsterinsights_sitenote_note":"","_monsterinsights_sitenote_category":0,"_uf_show_specific_survey":0,"_uf_disable_surveys":false,"jetpack_post_was_ever_published":false,"_jetpack_newsletter_access":"","_jetpack_dont_email_post_to_subs":false,"_jetpack_newsletter_tier_id":0,"_jetpack_memberships_contains_paywalled_content":false,"_jetpack_memberships_contains_paid_content":false,"footnotes":"","jetpack_publicize_message":"","jetpack_publicize_feature_enabled":true,"jetpack_social_post_already_shared":true,"jetpack_social_options":{"image_generator_settings":{"template":"highway","default_image_id":0,"font":"","enabled":false},"version":2}},"categories":[21],"tags":[376,59,383],"class_list":["post-54752","post","type-post","status-publish","format-standard","has-post-thumbnail","hentry","category-locales","tag-frente-civico-por-santiago","tag-gerardo-zamora","tag-precandidatos"],"aioseo_notices":[],"views":9,"jetpack_publicize_connections":[],"jetpack_featured_media_url":"https:\/\/i0.wp.com\/elterritorialweb.com.ar\/web\/wp-content\/uploads\/2023\/06\/WhatsApp-Image-2023-06-26-at-20.38.00.jpeg?fit=1600%2C1066&ssl=1","jetpack_sharing_enabled":true,"_links":{"self":[{"href":"https:\/\/elterritorialweb.com.ar\/web\/wp-json\/wp\/v2\/posts\/54752","targetHints":{"allow":["GET"]}}],"collection":[{"href":"https:\/\/elterritorialweb.com.ar\/web\/wp-json\/wp\/v2\/posts"}],"about":[{"href":"https:\/\/elterritorialweb.com.ar\/web\/wp-json\/wp\/v2\/types\/post"}],"author":[{"embeddable":true,"href":"https:\/\/elterritorialweb.com.ar\/web\/wp-json\/wp\/v2\/users\/2"}],"replies":[{"embeddable":true,"href":"https:\/\/elterritorialweb.com.ar\/web\/wp-json\/wp\/v2\/comments?post=54752"}],"version-history":[{"count":3,"href":"https:\/\/elterritorialweb.com.ar\/web\/wp-json\/wp\/v2\/posts\/54752\/revisions"}],"predecessor-version":[{"id":54762,"href":"https:\/\/elterritorialweb.com.ar\/web\/wp-json\/wp\/v2\/posts\/54752\/revisions\/54762"}],"wp:featuredmedia":[{"embeddable":true,"href":"https:\/\/elterritorialweb.com.ar\/web\/wp-json\/wp\/v2\/media\/54757"}],"wp:attachment":[{"href":"https:\/\/elterritorialweb.com.ar\/web\/wp-json\/wp\/v2\/media?parent=54752"}],"wp:term":[{"taxonomy":"category","embeddable":true,"href":"https:\/\/elterritorialweb.com.ar\/web\/wp-json\/wp\/v2\/categories?post=54752"},{"taxonomy":"post_tag","embeddable":true,"href":"https:\/\/elterritorialweb.com.ar\/web\/wp-json\/wp\/v2\/tags?post=54752"}],"curies":[{"name":"wp","href":"https:\/\/api.w.org\/{rel}","templated":true}]}}