{"id":54763,"date":"2023-06-27T02:19:04","date_gmt":"2023-06-27T02:19:04","guid":{"rendered":"http:\/\/elterritorialweb.com.ar\/web\/?p=54763"},"modified":"2023-06-27T02:21:53","modified_gmt":"2023-06-27T02:21:53","slug":"sergio-massa-y-cristina-kirchner-en-el-primer-de-acto-de-campana-presidencial","status":"publish","type":"post","link":"https:\/\/elterritorialweb.com.ar\/web\/sergio-massa-y-cristina-kirchner-en-el-primer-de-acto-de-campana-presidencial\/","title":{"rendered":"SERGIO MASSA Y CRISTINA KIRCHNER EN EL PRIMER DE ACTO DE CAMPA\u00d1A PRESIDENCIAL"},"content":{"rendered":"\n<p>Un acto con eje en Derechos Humanos es la carta de presentaci\u00f3n del&nbsp;<strong>precandidato presidencial de Uni\u00f3n por la Patria, Sergio Massa<\/strong>. El ministro de Econom\u00eda tendr\u00e1 su foto de fuerte contenido pol\u00edtico con la vicepresidenta Cristina Kirchner y una particularidad. En el acto tambi\u00e9n est\u00e1 el ministro del Interior, Eduardo \u201cWado\u201d de Pedro, que declin\u00f3 su postulaci\u00f3n para las pr\u00f3ximas Elecciones 2023 en favor del exintendente de Tigre.<\/p>\n\n\n\n<p>El evento comenz\u00f3 con un mensaje grabado del presidente Alberto Fern\u00e1ndez, quien se ausent\u00f3 por su viaje a Brasil para compartir un acto con Lula da Silva. \u201cEstoy a la distancia, all\u00ed con uds, ratificando mi compromiso con la verdad y la justicia\u201d, asegur\u00f3 en un breve mensaje.<\/p>\n\n\n\n<p>Luego, tras las palabras de los familiares de v\u00edctimas de los vuelos de la muerte, Massa afirm\u00f3 que \u201ceste avi\u00f3n no es m\u00e1s que un s\u00edmbolo de la oscuridad de la Argentina y&nbsp;<strong>tenerlo ac\u00e1 nos permite seguir visibiliz\u00e1ndolo&nbsp;<\/strong>y repetir la idea de que nunca m\u00e1s podemos repetir esas p\u00e1ginas de nuestra historia\u201d. Y agreg\u00f3: \u201cEn la construcci\u00f3n de un camino y un sistema democr\u00e1tico firme, vamos a poder consolidar un camino de justicia\u201d.<\/p>\n\n\n\n<p>\u201cEste ladrillo que ponemos hoy es peque\u00f1o, pero permite construir una pares para impedir a aquellos que quieren derribar derechos en la Argentina.&nbsp;<strong>Pong\u00e1mosle l\u00edmites a los que quieren quitar derechos<\/strong>. Esa es nuestra tarea en nuestra gesti\u00f3n todos los d\u00edas y en los pr\u00f3ximos meses de recorridas en cada rinc\u00f3n de la Argentina\u201d, agreg\u00f3.<\/p>\n","protected":false},"excerpt":{"rendered":"<p>La Vicepresidenta se mete de lleno en la campa\u00f1a tras ceder candidaturas en la f\u00f3rmula oficialista. En Aeroparque, reciben un avi\u00f3n repatriado usado en los vuelos de la muerte durante la dictadura c\u00edvico militar.<\/p>\n","protected":false},"author":2,"featured_media":54766,"comment_status":"open","ping_status":"open","sticky":false,"template":"","format":"standard","meta":{"om_disable_all_campaigns":false,"_monsterinsights_skip_tracking":false,"_monsterinsights_sitenote_active":false,"_monsterinsights_sitenote_note":"","_monsterinsights_sitenote_category":0,"_uf_show_specific_survey":0,"_uf_disable_surveys":false,"jetpack_post_was_ever_published":false,"_jetpack_newsletter_access":"","_jetpack_dont_email_post_to_subs":false,"_jetpack_newsletter_tier_id":0,"_jetpack_memberships_contains_paywalled_content":false,"_jetpack_memberships_contains_paid_content":false,"footnotes":"","jetpack_publicize_message":"","jetpack_publicize_feature_enabled":true,"jetpack_social_post_already_shared":true,"jetpack_social_options":{"image_generator_settings":{"template":"highway","default_image_id":0,"font":"","enabled":false},"version":2}},"categories":[18],"tags":[85,68],"class_list":["post-54763","post","type-post","status-publish","format-standard","has-post-thumbnail","hentry","category-politica","tag-cristina-kirchner","tag-sergio-massa"],"aioseo_notices":[],"views":8,"jetpack_publicize_connections":[],"jetpack_featured_media_url":"https:\/\/i0.wp.com\/elterritorialweb.com.ar\/web\/wp-content\/uploads\/2023\/06\/image-6.png?fit=960%2C640&ssl=1","jetpack_sharing_enabled":true,"_links":{"self":[{"href":"https:\/\/elterritorialweb.com.ar\/web\/wp-json\/wp\/v2\/posts\/54763","targetHints":{"allow":["GET"]}}],"collection":[{"href":"https:\/\/elterritorialweb.com.ar\/web\/wp-json\/wp\/v2\/posts"}],"about":[{"href":"https:\/\/elterritorialweb.com.ar\/web\/wp-json\/wp\/v2\/types\/post"}],"author":[{"embeddable":true,"href":"https:\/\/elterritorialweb.com.ar\/web\/wp-json\/wp\/v2\/users\/2"}],"replies":[{"embeddable":true,"href":"https:\/\/elterritorialweb.com.ar\/web\/wp-json\/wp\/v2\/comments?post=54763"}],"version-history":[{"count":1,"href":"https:\/\/elterritorialweb.com.ar\/web\/wp-json\/wp\/v2\/posts\/54763\/revisions"}],"predecessor-version":[{"id":54765,"href":"https:\/\/elterritorialweb.com.ar\/web\/wp-json\/wp\/v2\/posts\/54763\/revisions\/54765"}],"wp:featuredmedia":[{"embeddable":true,"href":"https:\/\/elterritorialweb.com.ar\/web\/wp-json\/wp\/v2\/media\/54766"}],"wp:attachment":[{"href":"https:\/\/elterritorialweb.com.ar\/web\/wp-json\/wp\/v2\/media?parent=54763"}],"wp:term":[{"taxonomy":"category","embeddable":true,"href":"https:\/\/elterritorialweb.com.ar\/web\/wp-json\/wp\/v2\/categories?post=54763"},{"taxonomy":"post_tag","embeddable":true,"href":"https:\/\/elterritorialweb.com.ar\/web\/wp-json\/wp\/v2\/tags?post=54763"}],"curies":[{"name":"wp","href":"https:\/\/api.w.org\/{rel}","templated":true}]}}