{"id":54768,"date":"2023-06-27T02:34:31","date_gmt":"2023-06-27T02:34:31","guid":{"rendered":"http:\/\/elterritorialweb.com.ar\/web\/?p=54768"},"modified":"2023-06-27T02:34:34","modified_gmt":"2023-06-27T02:34:34","slug":"la-municipalidad-abrira-el-mes-de-celebraciones-por-los-470-anos-de-la-ciudad-con-un-espectaculo-a-orillas-el-rio-dulce","status":"publish","type":"post","link":"https:\/\/elterritorialweb.com.ar\/web\/la-municipalidad-abrira-el-mes-de-celebraciones-por-los-470-anos-de-la-ciudad-con-un-espectaculo-a-orillas-el-rio-dulce\/","title":{"rendered":"LA MUNICIPALIDAD ABRIR\u00c1 EL MES DE CELEBRACIONES POR LOS 470 A\u00d1OS DE LA CIUDAD CON UN ESPECT\u00c1CULO A ORILLAS EL R\u00cdO DULCE"},"content":{"rendered":"\n<p>Este espect\u00e1culo comenzar\u00e1 a las 18:30, se recrear\u00e1 el arribo de la figura mitol\u00f3gica de una de las leyendas tradicionales de Santiago del Estero que representa la protectora del agua, buscando transmitir mediante danzas y representaciones teatrales un mensaje de cuidado del medio ambiente y conservaci\u00f3n de nuestros recursos naturales.<\/p>\n\n\n\n<p>En el escenario a orillas del r\u00edo Dulce participar\u00e1n m\u00e1s de 30 bailarines y bailarinas, adem\u00e1s de 8 m\u00fasicos y actores.<\/p>\n\n\n\n<p>Previamente, el s\u00e1bado, desde las 11 de la ma\u00f1ana, habr\u00e1 un Encuentro de Academias que tendr\u00e1 como escenario la Plaza Libertad, con la participaci\u00f3n de diferentes ballets folcl\u00f3ricos de la ciudad.<\/p>\n\n\n\n<p>En tanto, el domingo 2 se desarrollar\u00e1 la tercera edici\u00f3n de la marat\u00f3n \u00abLa Ciudad Corre\u00bb a partir de las 9.30, con largada y llegada desde el Paseos de los Food Trucks, en la avenida Diego Maradona. La competencia recorrer\u00e1 diferentes calles y edificios emblem\u00e1ticos de la ciudad, en los trayectos de 21 kil\u00f3metros y de 10 kil\u00f3metros. En tanto, para el circuito de 5 kil\u00f3metros la largada ser\u00e1 a las 9.40.<\/p>\n\n\n\n<p>Adem\u00e1s, a modo de previa del mes aniversario, desde el jueves 29 de junio hasta el s\u00e1bado 1 de julio se realizar\u00e1 la tercera edici\u00f3n del Festival Internacional de Literatura \u00abFilba\u00bb, con la presencia de destacadas personalidades del mundo de las letras, buscando promocionar la lectura y la escritura con el acento puesto en la memoria por la conmemoraci\u00f3n de los 40 a\u00f1os de democracia ininterrumpida de nuestro pa\u00eds.<\/p>\n","protected":false},"excerpt":{"rendered":"<p>La Municipalidad de la Capital dise\u00f1\u00f3 una importante agenda de actividades culturales libres y gratuitas por el 470\u00b0 aniversario de la &#8216;Madre de Ciudades&#8217;, que se desarrollar\u00e1n a lo largo de todo el mes pr\u00f3ximo y cuya apertura ser\u00e1 el 1 s\u00e1bado primero de mayo, con la representaci\u00f3n de la llegada de la Mayu Mamam por el r\u00edo Dulce, a la altura del parque Aguirre.<\/p>\n","protected":false},"author":2,"featured_media":54769,"comment_status":"open","ping_status":"open","sticky":false,"template":"","format":"standard","meta":{"om_disable_all_campaigns":false,"_monsterinsights_skip_tracking":false,"_monsterinsights_sitenote_active":false,"_monsterinsights_sitenote_note":"","_monsterinsights_sitenote_category":0,"_uf_show_specific_survey":0,"_uf_disable_surveys":false,"jetpack_post_was_ever_published":false,"_jetpack_newsletter_access":"","_jetpack_dont_email_post_to_subs":false,"_jetpack_newsletter_tier_id":0,"_jetpack_memberships_contains_paywalled_content":false,"_jetpack_memberships_contains_paid_content":false,"footnotes":"","jetpack_publicize_message":"","jetpack_publicize_feature_enabled":true,"jetpack_social_post_already_shared":true,"jetpack_social_options":{"image_generator_settings":{"template":"highway","default_image_id":0,"font":"","enabled":false},"version":2}},"categories":[21],"tags":[384,73],"class_list":["post-54768","post","type-post","status-publish","format-standard","has-post-thumbnail","hentry","category-locales","tag-470-aniversario-de-santiago-del-estero","tag-municipalidad-de-la-capital"],"aioseo_notices":[],"views":13,"jetpack_publicize_connections":[],"jetpack_featured_media_url":"https:\/\/i0.wp.com\/elterritorialweb.com.ar\/web\/wp-content\/uploads\/2023\/06\/mes-de-julio-apertura.jpeg?fit=1280%2C688&ssl=1","jetpack_sharing_enabled":true,"_links":{"self":[{"href":"https:\/\/elterritorialweb.com.ar\/web\/wp-json\/wp\/v2\/posts\/54768","targetHints":{"allow":["GET"]}}],"collection":[{"href":"https:\/\/elterritorialweb.com.ar\/web\/wp-json\/wp\/v2\/posts"}],"about":[{"href":"https:\/\/elterritorialweb.com.ar\/web\/wp-json\/wp\/v2\/types\/post"}],"author":[{"embeddable":true,"href":"https:\/\/elterritorialweb.com.ar\/web\/wp-json\/wp\/v2\/users\/2"}],"replies":[{"embeddable":true,"href":"https:\/\/elterritorialweb.com.ar\/web\/wp-json\/wp\/v2\/comments?post=54768"}],"version-history":[{"count":1,"href":"https:\/\/elterritorialweb.com.ar\/web\/wp-json\/wp\/v2\/posts\/54768\/revisions"}],"predecessor-version":[{"id":54770,"href":"https:\/\/elterritorialweb.com.ar\/web\/wp-json\/wp\/v2\/posts\/54768\/revisions\/54770"}],"wp:featuredmedia":[{"embeddable":true,"href":"https:\/\/elterritorialweb.com.ar\/web\/wp-json\/wp\/v2\/media\/54769"}],"wp:attachment":[{"href":"https:\/\/elterritorialweb.com.ar\/web\/wp-json\/wp\/v2\/media?parent=54768"}],"wp:term":[{"taxonomy":"category","embeddable":true,"href":"https:\/\/elterritorialweb.com.ar\/web\/wp-json\/wp\/v2\/categories?post=54768"},{"taxonomy":"post_tag","embeddable":true,"href":"https:\/\/elterritorialweb.com.ar\/web\/wp-json\/wp\/v2\/tags?post=54768"}],"curies":[{"name":"wp","href":"https:\/\/api.w.org\/{rel}","templated":true}]}}