{"id":54771,"date":"2023-06-27T02:58:27","date_gmt":"2023-06-27T02:58:27","guid":{"rendered":"http:\/\/elterritorialweb.com.ar\/web\/?p=54771"},"modified":"2023-06-27T02:58:30","modified_gmt":"2023-06-27T02:58:30","slug":"nediani-participo-de-la-apertura-de-la-conferencia-internacional-de-residuos-solidos-y-economia-familiar","status":"publish","type":"post","link":"https:\/\/elterritorialweb.com.ar\/web\/nediani-participo-de-la-apertura-de-la-conferencia-internacional-de-residuos-solidos-y-economia-familiar\/","title":{"rendered":"NEDIANI PARTICIP\u00d3 DE LA APERTURA DE LA CONFERENCIA INTERNACIONAL DE RESIDUOS S\u00d3LIDOS Y ECONOM\u00cdA FAMILIAR"},"content":{"rendered":"\n<p>El encuentro contar\u00e1 con dos jornadas que se desarrollar\u00e1n los d\u00edas 26 y 27 de junio en el Forum Centro de Convenciones y Exposiciones de Ciudad Capital y adem\u00e1s el 28 de junio se realizar\u00e1n visitas de campo en la provincia de Buenos Aires a proyectos pertenecientes al BID en la Argentina.<br>El objetivo de la conferencia internacional es intercambiar experiencias y buenas pr\u00e1cticas en la gesti\u00f3n integral de residuo con el fin de promover y acelerar la transformaci\u00f3n del sector y su avance hacia una econom\u00eda circular.<br>Finalizado el encuentro de la primera jornada, el jefe comunal Nediani manifest\u00f3: \u201cEs un seminario internacional que se desarrolla en la provincia de Santiago del Estero con autoridades del Ministerio de ambiente de la Naci\u00f3n y acompa\u00f1ados por el gobernador Zamora, por la intendente Fuentes,\u00a0 el vicegobernador; el viceministro de Ambiente, Sergio Federovisky y tambi\u00e9n por los representantes del Banco Interamericano de Desarrollo como Jos\u00e9 Aguerre. Hemos tenido la oportunidad de escuchar a trav\u00e9s de una videoconferencia al ministro de Medio Ambiente y Desarrollo Sostenible Juan Cabandi\u00e9, al cual agradecemos la posibilidad que se realice en nuestra provincia\u201d.<br>\u201cEstoy muy contento y honrado por tener la posibilidad de participar en este seminario que tiene que ver el programa Girsu (Gesti\u00f3n integral de residuos s\u00f3lidos urbanos), algo que para nosotros es muy importante y que decidimos hacer\u00a0 hace bastante tiempo en La Banda, a trabajar sobre el cuidado del ambiente y los recursos naturales. Est\u00e1 es una pol\u00edtica nacional y en este marco se llevan adelante dos importantes obras que tiene que ver con la planta de transferencia en la ciudad de La Banda y con la planta de deposici\u00f3n final de residuos o centro ambiental en la ciudad Capital\u201d.<br>\u201cMuy contento de poder trabajar en forma conjunta, creo que estamos teniendo la visi\u00f3n de cuidar el ambiente pero tambi\u00e9n de aunar esfuerzos entre dos municipios importantes, de un conurbano importante en la provincia de Santiago Del Estero y donde se va a hacer el tratamiento de m\u00e1s del 60% de los residuos s\u00f3lidos que se originan en toda la provincia\u201d.<br>Agreg\u00f3: \u201cEste tipo de eventos, nos da la posibilidad de la generar mano de obra, hemos escuchado con agrado que en ciudad Capital este centro ambiental va a\u00a0 tomar aproximadamente 120 personas, mientras que en La Banda tambi\u00e9n va a haber un importante n\u00famero de empleados que se va a tomar para hacer el trabajo de clasificaci\u00f3n de los residuos s\u00f3lidos urbanos\u201d.<br>\u201cEste programa se reanud\u00f3 nuevamente por la gesti\u00f3n del ministro Massa y el ministro Cabandi\u00e9, lo cual habla de las claras del tipo de pa\u00eds, provincia y ciudad que queremos; en ese sentido estamos alineados para trabajar en est\u00e1s pol\u00edticas que tiene que ver con lo sustentable, con tener ciudades sustentables; son procesos largos pero por fin hoy se anunci\u00f3 que est\u00e1 licitado, est\u00e1 la empresa que va a comenzar la obra y eso se va a hacer en un plazo de 60 d\u00edas\u201d.<br>\u201cEl cuidado del medio ambiente y el desarrollo sostenible, es un proceso con el que venimos trabajando hace bastante tiempo en la ciudad de La Banda; implementando programas como La Banda limpia es m\u00e1s linda, la adquisici\u00f3n de contenedores, de camiones compactadores; tambi\u00e9n agradecer el poder haber recibido maquinarias del gobierno nacional en su momento como la chipeadora para hacer el tratamiento de todas aquellas ramas que se originan de la poda y otra maquinaria para trabajar sobre el medio ambiente\u201d, concluy\u00f3.<\/p>\n","protected":false},"excerpt":{"rendered":"<p>El intendente de la ciudad de La Banda, Ingeniero Roger Nediani, particip\u00f3 en la apertura de la Conferencia Internacional de Residuos S\u00f3lidos y Econom\u00eda Circular, organizada por el Ministerio de Ambiente de la Naci\u00f3n, el Banco Interamericano de Desarrollo (BID) y el Gobierno de la Provincia de Santiago del Estero y municipios locales.<\/p>\n","protected":false},"author":2,"featured_media":54773,"comment_status":"open","ping_status":"open","sticky":false,"template":"","format":"standard","meta":{"om_disable_all_campaigns":false,"_monsterinsights_skip_tracking":false,"_monsterinsights_sitenote_active":false,"_monsterinsights_sitenote_note":"","_monsterinsights_sitenote_category":0,"_uf_show_specific_survey":0,"_uf_disable_surveys":false,"jetpack_post_was_ever_published":false,"_jetpack_newsletter_access":"","_jetpack_dont_email_post_to_subs":false,"_jetpack_newsletter_tier_id":0,"_jetpack_memberships_contains_paywalled_content":false,"_jetpack_memberships_contains_paid_content":false,"footnotes":"","jetpack_publicize_message":"","jetpack_publicize_feature_enabled":true,"jetpack_social_post_already_shared":true,"jetpack_social_options":{"image_generator_settings":{"template":"highway","default_image_id":0,"font":"","enabled":false},"version":2}},"categories":[9,21],"tags":[71,51],"class_list":["post-54771","post","type-post","status-publish","format-standard","has-post-thumbnail","hentry","category-banda","category-locales","tag-municipalidad-de-la-banda","tag-roger-nediani"],"aioseo_notices":[],"views":5,"jetpack_publicize_connections":[],"jetpack_featured_media_url":"https:\/\/i0.wp.com\/elterritorialweb.com.ar\/web\/wp-content\/uploads\/2023\/06\/WhatsApp-Image-2023-06-26-at-23.09.49.jpeg?fit=1280%2C844&ssl=1","jetpack_sharing_enabled":true,"_links":{"self":[{"href":"https:\/\/elterritorialweb.com.ar\/web\/wp-json\/wp\/v2\/posts\/54771","targetHints":{"allow":["GET"]}}],"collection":[{"href":"https:\/\/elterritorialweb.com.ar\/web\/wp-json\/wp\/v2\/posts"}],"about":[{"href":"https:\/\/elterritorialweb.com.ar\/web\/wp-json\/wp\/v2\/types\/post"}],"author":[{"embeddable":true,"href":"https:\/\/elterritorialweb.com.ar\/web\/wp-json\/wp\/v2\/users\/2"}],"replies":[{"embeddable":true,"href":"https:\/\/elterritorialweb.com.ar\/web\/wp-json\/wp\/v2\/comments?post=54771"}],"version-history":[{"count":1,"href":"https:\/\/elterritorialweb.com.ar\/web\/wp-json\/wp\/v2\/posts\/54771\/revisions"}],"predecessor-version":[{"id":54774,"href":"https:\/\/elterritorialweb.com.ar\/web\/wp-json\/wp\/v2\/posts\/54771\/revisions\/54774"}],"wp:featuredmedia":[{"embeddable":true,"href":"https:\/\/elterritorialweb.com.ar\/web\/wp-json\/wp\/v2\/media\/54773"}],"wp:attachment":[{"href":"https:\/\/elterritorialweb.com.ar\/web\/wp-json\/wp\/v2\/media?parent=54771"}],"wp:term":[{"taxonomy":"category","embeddable":true,"href":"https:\/\/elterritorialweb.com.ar\/web\/wp-json\/wp\/v2\/categories?post=54771"},{"taxonomy":"post_tag","embeddable":true,"href":"https:\/\/elterritorialweb.com.ar\/web\/wp-json\/wp\/v2\/tags?post=54771"}],"curies":[{"name":"wp","href":"https:\/\/api.w.org\/{rel}","templated":true}]}}