{"id":54780,"date":"2023-06-27T03:25:16","date_gmt":"2023-06-27T03:25:16","guid":{"rendered":"http:\/\/elterritorialweb.com.ar\/web\/?p=54780"},"modified":"2023-06-27T03:25:18","modified_gmt":"2023-06-27T03:25:18","slug":"la-municipalidad-continua-con-su-programa-de-instalacion-de-nuevos-artefactos-led-en-el-barrio-industria","status":"publish","type":"post","link":"https:\/\/elterritorialweb.com.ar\/web\/la-municipalidad-continua-con-su-programa-de-instalacion-de-nuevos-artefactos-led-en-el-barrio-industria\/","title":{"rendered":"LA MUNICIPALIDAD CONTIN\u00daA CON SU PROGRAMA DE INSTALACI\u00d3N DE NUEVOS ARTEFACTOS LED EN EL BARRIO INDUSTRIA"},"content":{"rendered":"\n<p>En esta oportunidad, se intervino en varias cuadras de las calles Antonio Tula Toloza, Terencio Morini y Tr\u00e1nsito Mart\u00ednez del barrio Industria, previendo avanzar los pr\u00f3ximos d\u00edas en el barrio 8 de Abril con los mismos trabajos.<\/p>\n\n\n\n<p>De esta manera, el municipio avanza para mejorar la visibilidad nocturna en los principales corredores viales y en los barrios instalando artefactos LED de 70 vatios.<\/p>\n","protected":false},"excerpt":{"rendered":"<p>De esta manera, se suma un nuevo sector a las m\u00faltiples zonas de la ciudad en las que ya se efectuaron estas tareas, como los barrios Santa Teresita, Mariano Moreno, Am\u00e9rica del Sur, Ej\u00e9rcito Argentino, Campo Contreras, Vinalar y Tradici\u00f3n, entre otros, alcanzando m\u00e1s de 1.500 puntos iluminados con LED.<\/p>\n","protected":false},"author":2,"featured_media":54781,"comment_status":"open","ping_status":"open","sticky":false,"template":"","format":"standard","meta":{"om_disable_all_campaigns":false,"_monsterinsights_skip_tracking":false,"_monsterinsights_sitenote_active":false,"_monsterinsights_sitenote_note":"","_monsterinsights_sitenote_category":0,"_uf_show_specific_survey":0,"_uf_disable_surveys":false,"jetpack_post_was_ever_published":false,"_jetpack_newsletter_access":"","_jetpack_dont_email_post_to_subs":false,"_jetpack_newsletter_tier_id":0,"_jetpack_memberships_contains_paywalled_content":false,"_jetpack_memberships_contains_paid_content":false,"footnotes":"","jetpack_publicize_message":"","jetpack_publicize_feature_enabled":true,"jetpack_social_post_already_shared":true,"jetpack_social_options":{"image_generator_settings":{"template":"highway","default_image_id":0,"font":"","enabled":false},"version":2}},"categories":[21],"tags":[73],"class_list":["post-54780","post","type-post","status-publish","format-standard","has-post-thumbnail","hentry","category-locales","tag-municipalidad-de-la-capital"],"aioseo_notices":[],"views":7,"jetpack_publicize_connections":[],"jetpack_featured_media_url":"https:\/\/i0.wp.com\/elterritorialweb.com.ar\/web\/wp-content\/uploads\/2023\/06\/industria-led.jpeg?fit=1280%2C853&ssl=1","jetpack_sharing_enabled":true,"_links":{"self":[{"href":"https:\/\/elterritorialweb.com.ar\/web\/wp-json\/wp\/v2\/posts\/54780","targetHints":{"allow":["GET"]}}],"collection":[{"href":"https:\/\/elterritorialweb.com.ar\/web\/wp-json\/wp\/v2\/posts"}],"about":[{"href":"https:\/\/elterritorialweb.com.ar\/web\/wp-json\/wp\/v2\/types\/post"}],"author":[{"embeddable":true,"href":"https:\/\/elterritorialweb.com.ar\/web\/wp-json\/wp\/v2\/users\/2"}],"replies":[{"embeddable":true,"href":"https:\/\/elterritorialweb.com.ar\/web\/wp-json\/wp\/v2\/comments?post=54780"}],"version-history":[{"count":1,"href":"https:\/\/elterritorialweb.com.ar\/web\/wp-json\/wp\/v2\/posts\/54780\/revisions"}],"predecessor-version":[{"id":54782,"href":"https:\/\/elterritorialweb.com.ar\/web\/wp-json\/wp\/v2\/posts\/54780\/revisions\/54782"}],"wp:featuredmedia":[{"embeddable":true,"href":"https:\/\/elterritorialweb.com.ar\/web\/wp-json\/wp\/v2\/media\/54781"}],"wp:attachment":[{"href":"https:\/\/elterritorialweb.com.ar\/web\/wp-json\/wp\/v2\/media?parent=54780"}],"wp:term":[{"taxonomy":"category","embeddable":true,"href":"https:\/\/elterritorialweb.com.ar\/web\/wp-json\/wp\/v2\/categories?post=54780"},{"taxonomy":"post_tag","embeddable":true,"href":"https:\/\/elterritorialweb.com.ar\/web\/wp-json\/wp\/v2\/tags?post=54780"}],"curies":[{"name":"wp","href":"https:\/\/api.w.org\/{rel}","templated":true}]}}