{"id":54783,"date":"2023-07-05T04:34:15","date_gmt":"2023-07-05T04:34:15","guid":{"rendered":"http:\/\/elterritorialweb.com.ar\/web\/?p=54783"},"modified":"2023-07-05T04:43:40","modified_gmt":"2023-07-05T04:43:40","slug":"la-escuela-de-formacion-profesional-y-capacitacion-laboral-n-33-festejo-sus-50-anos-de-vida-institucional","status":"publish","type":"post","link":"https:\/\/elterritorialweb.com.ar\/web\/la-escuela-de-formacion-profesional-y-capacitacion-laboral-n-33-festejo-sus-50-anos-de-vida-institucional\/","title":{"rendered":"LA ESCUELA DE FORMACI\u00d3N PROFESIONAL Y CAPACITACI\u00d3N LABORAL N\u00b0 33 FESTEJ\u00d3 SUS 50 A\u00d1OS DE VIDA INSTITUCIONAL"},"content":{"rendered":"\n<p>En un emotivo acto realizado en las instalaciones de la Escuela Gumersindo Sayago, ubicada en el Aeropuerto de esta ciudad Capital, la <strong>Escuela de Formaci\u00f3n Profesional y Capacitaci\u00f3n Laboral N\u00b0 33<\/strong>, festej\u00f3 su <strong>50\u00b0 aniversario,<\/strong> con una ceremonia oficial donde particip\u00f3 la <strong>Banda de M\u00fasica de la Polic\u00eda de la Provincia.<\/strong><\/p>\n\n\n\n<figure class=\"wp-block-image size-large\"><a href=\"https:\/\/i0.wp.com\/elterritorialweb.com.ar\/web\/wp-content\/uploads\/2023\/07\/WhatsApp-Image-2023-07-04-at-20.38.44.jpeg\"><img data-recalc-dims=\"1\" decoding=\"async\" width=\"640\" height=\"360\" data-src=\"https:\/\/i0.wp.com\/elterritorialweb.com.ar\/web\/wp-content\/uploads\/2023\/07\/WhatsApp-Image-2023-07-04-at-20.38.44.jpeg?resize=640%2C360\" alt=\"\" class=\"wp-image-55117 lazyload\" data-srcset=\"https:\/\/i0.wp.com\/elterritorialweb.com.ar\/web\/wp-content\/uploads\/2023\/07\/WhatsApp-Image-2023-07-04-at-20.38.44.jpeg?resize=1024%2C576&amp;ssl=1 1024w, https:\/\/i0.wp.com\/elterritorialweb.com.ar\/web\/wp-content\/uploads\/2023\/07\/WhatsApp-Image-2023-07-04-at-20.38.44.jpeg?resize=300%2C169&amp;ssl=1 300w, https:\/\/i0.wp.com\/elterritorialweb.com.ar\/web\/wp-content\/uploads\/2023\/07\/WhatsApp-Image-2023-07-04-at-20.38.44.jpeg?resize=768%2C432&amp;ssl=1 768w, https:\/\/i0.wp.com\/elterritorialweb.com.ar\/web\/wp-content\/uploads\/2023\/07\/WhatsApp-Image-2023-07-04-at-20.38.44.jpeg?w=1280&amp;ssl=1 1280w\" data-sizes=\"(max-width: 640px) 100vw, 640px\" src=\"data:image\/svg+xml;base64,PHN2ZyB3aWR0aD0iMSIgaGVpZ2h0PSIxIiB4bWxucz0iaHR0cDovL3d3dy53My5vcmcvMjAwMC9zdmciPjwvc3ZnPg==\" style=\"--smush-placeholder-width: 640px; --smush-placeholder-aspect-ratio: 640\/360;\" \/><\/a><\/figure>\n\n\n\n<p>Con la presencia de autoridades educativas, docentes, alumnos y p\u00fablico en general, la ex Escuela Fabrica, celebr\u00f3 sus 50 a\u00f1os de vida institucional con un importante acto donde se conmemor\u00f3 la vigencia educativa de la instituci\u00f3n al servicio de varias generaciones de santiague\u00f1os.<\/p>\n\n\n\n<figure class=\"wp-block-image size-large\"><a href=\"https:\/\/i0.wp.com\/elterritorialweb.com.ar\/web\/wp-content\/uploads\/2023\/07\/WhatsApp-Image-2023-07-04-at-20.36.40.jpeg\"><img data-recalc-dims=\"1\" decoding=\"async\" width=\"640\" height=\"360\" data-src=\"https:\/\/i0.wp.com\/elterritorialweb.com.ar\/web\/wp-content\/uploads\/2023\/07\/WhatsApp-Image-2023-07-04-at-20.36.40.jpeg?resize=640%2C360\" alt=\"\" class=\"wp-image-55116 lazyload\" data-srcset=\"https:\/\/i0.wp.com\/elterritorialweb.com.ar\/web\/wp-content\/uploads\/2023\/07\/WhatsApp-Image-2023-07-04-at-20.36.40.jpeg?resize=1024%2C576&amp;ssl=1 1024w, https:\/\/i0.wp.com\/elterritorialweb.com.ar\/web\/wp-content\/uploads\/2023\/07\/WhatsApp-Image-2023-07-04-at-20.36.40.jpeg?resize=300%2C169&amp;ssl=1 300w, https:\/\/i0.wp.com\/elterritorialweb.com.ar\/web\/wp-content\/uploads\/2023\/07\/WhatsApp-Image-2023-07-04-at-20.36.40.jpeg?resize=768%2C432&amp;ssl=1 768w, https:\/\/i0.wp.com\/elterritorialweb.com.ar\/web\/wp-content\/uploads\/2023\/07\/WhatsApp-Image-2023-07-04-at-20.36.40.jpeg?w=1280&amp;ssl=1 1280w\" data-sizes=\"(max-width: 640px) 100vw, 640px\" src=\"data:image\/svg+xml;base64,PHN2ZyB3aWR0aD0iMSIgaGVpZ2h0PSIxIiB4bWxucz0iaHR0cDovL3d3dy53My5vcmcvMjAwMC9zdmciPjwvc3ZnPg==\" style=\"--smush-placeholder-width: 640px; --smush-placeholder-aspect-ratio: 640\/360;\" \/><\/a><\/figure>\n\n\n\n<p>El acto estuvo a cargo de docentes que moderaron en la conducci\u00f3n y con la presencia de las banderas de la Nacion y la Provincia, se prosigu\u00edo a descubrir una placa recordatoria en manos de la directora de la escuela, <strong>Aurora \u00c1vila<\/strong>, el director de nivel <strong>Enerio Lugones<\/strong>, y el supervisor <strong>Gabriel Marturet<\/strong>.<\/p>\n\n\n\n<figure class=\"wp-block-gallery has-nested-images columns-default is-cropped wp-block-gallery-1 is-layout-flex wp-block-gallery-is-layout-flex\">\n<figure class=\"wp-block-image size-large\"><a href=\"https:\/\/i0.wp.com\/elterritorialweb.com.ar\/web\/wp-content\/uploads\/2023\/07\/WhatsApp-Image-2023-07-05-at-01.19.42-e1688531025420.jpeg\"><img data-recalc-dims=\"1\" decoding=\"async\" width=\"640\" height=\"595\" data-id=\"55122\" data-src=\"https:\/\/i0.wp.com\/elterritorialweb.com.ar\/web\/wp-content\/uploads\/2023\/07\/WhatsApp-Image-2023-07-05-at-01.19.42-e1688531025420-1024x952.jpeg?resize=640%2C595\" alt=\"\" class=\"wp-image-55122 lazyload\" data-srcset=\"https:\/\/i0.wp.com\/elterritorialweb.com.ar\/web\/wp-content\/uploads\/2023\/07\/WhatsApp-Image-2023-07-05-at-01.19.42-e1688531025420.jpeg?resize=1024%2C952&amp;ssl=1 1024w, https:\/\/i0.wp.com\/elterritorialweb.com.ar\/web\/wp-content\/uploads\/2023\/07\/WhatsApp-Image-2023-07-05-at-01.19.42-e1688531025420.jpeg?resize=300%2C279&amp;ssl=1 300w, https:\/\/i0.wp.com\/elterritorialweb.com.ar\/web\/wp-content\/uploads\/2023\/07\/WhatsApp-Image-2023-07-05-at-01.19.42-e1688531025420.jpeg?resize=768%2C714&amp;ssl=1 768w, https:\/\/i0.wp.com\/elterritorialweb.com.ar\/web\/wp-content\/uploads\/2023\/07\/WhatsApp-Image-2023-07-05-at-01.19.42-e1688531025420.jpeg?w=1033&amp;ssl=1 1033w\" data-sizes=\"(max-width: 640px) 100vw, 640px\" src=\"data:image\/svg+xml;base64,PHN2ZyB3aWR0aD0iMSIgaGVpZ2h0PSIxIiB4bWxucz0iaHR0cDovL3d3dy53My5vcmcvMjAwMC9zdmciPjwvc3ZnPg==\" style=\"--smush-placeholder-width: 640px; --smush-placeholder-aspect-ratio: 640\/595;\" \/><\/a><\/figure>\n\n\n\n<figure class=\"wp-block-image size-large\"><a href=\"https:\/\/i0.wp.com\/elterritorialweb.com.ar\/web\/wp-content\/uploads\/2023\/07\/WhatsApp-Image-2023-07-05-at-01.21.20.jpeg\"><img data-recalc-dims=\"1\" decoding=\"async\" width=\"640\" height=\"480\" data-id=\"55120\" data-src=\"https:\/\/i0.wp.com\/elterritorialweb.com.ar\/web\/wp-content\/uploads\/2023\/07\/WhatsApp-Image-2023-07-05-at-01.21.20.jpeg?resize=640%2C480\" alt=\"\" class=\"wp-image-55120 lazyload\" data-srcset=\"https:\/\/i0.wp.com\/elterritorialweb.com.ar\/web\/wp-content\/uploads\/2023\/07\/WhatsApp-Image-2023-07-05-at-01.21.20.jpeg?resize=1024%2C768&amp;ssl=1 1024w, https:\/\/i0.wp.com\/elterritorialweb.com.ar\/web\/wp-content\/uploads\/2023\/07\/WhatsApp-Image-2023-07-05-at-01.21.20.jpeg?resize=300%2C225&amp;ssl=1 300w, https:\/\/i0.wp.com\/elterritorialweb.com.ar\/web\/wp-content\/uploads\/2023\/07\/WhatsApp-Image-2023-07-05-at-01.21.20.jpeg?resize=768%2C576&amp;ssl=1 768w, https:\/\/i0.wp.com\/elterritorialweb.com.ar\/web\/wp-content\/uploads\/2023\/07\/WhatsApp-Image-2023-07-05-at-01.21.20.jpeg?w=1280&amp;ssl=1 1280w\" data-sizes=\"(max-width: 640px) 100vw, 640px\" src=\"data:image\/svg+xml;base64,PHN2ZyB3aWR0aD0iMSIgaGVpZ2h0PSIxIiB4bWxucz0iaHR0cDovL3d3dy53My5vcmcvMjAwMC9zdmciPjwvc3ZnPg==\" style=\"--smush-placeholder-width: 640px; --smush-placeholder-aspect-ratio: 640\/480;\" \/><\/a><\/figure>\n<\/figure>\n\n\n\n<p>Luego de entonar las estrofas del Himno Nacional Argentino, tom\u00f3 la palabra la directora <strong>Aurora \u00c1vila<\/strong> donde se refirio: <em>\u00abLa escuela es, fundamentalmente, la instituci\u00f3n social que lleva adelante los procesos educativos. Estos procesos consisten en formas de producci\u00f3n, circulaci\u00f3n y apropiaci\u00f3n de saberes. Aun reconociendo la presencia de otros circuitos y otras instituciones sociales que tambi\u00e9n intervienen en la circulaci\u00f3n que social de saberes, diremos que la escuela ocupa frente a ellos un lugar de mediaci\u00f3n y procesamiento. Por ello los alumnos de esta escuela a mas de la educaci\u00f3n formal, aprender\u00e1n valores y principios morales que los conducir\u00e1n a lo largo de su vida\u00bb. <\/em>comenz\u00f3 diciendo Avila<\/p>\n\n\n\n<figure class=\"wp-block-image size-large\"><a href=\"https:\/\/i0.wp.com\/elterritorialweb.com.ar\/web\/wp-content\/uploads\/2023\/07\/WhatsApp-Image-2023-07-04-at-20.39.30.jpeg\"><img data-recalc-dims=\"1\" decoding=\"async\" width=\"640\" height=\"360\" data-src=\"https:\/\/i0.wp.com\/elterritorialweb.com.ar\/web\/wp-content\/uploads\/2023\/07\/WhatsApp-Image-2023-07-04-at-20.39.30.jpeg?resize=640%2C360\" alt=\"\" class=\"wp-image-55118 lazyload\" data-srcset=\"https:\/\/i0.wp.com\/elterritorialweb.com.ar\/web\/wp-content\/uploads\/2023\/07\/WhatsApp-Image-2023-07-04-at-20.39.30.jpeg?resize=1024%2C576&amp;ssl=1 1024w, https:\/\/i0.wp.com\/elterritorialweb.com.ar\/web\/wp-content\/uploads\/2023\/07\/WhatsApp-Image-2023-07-04-at-20.39.30.jpeg?resize=300%2C169&amp;ssl=1 300w, https:\/\/i0.wp.com\/elterritorialweb.com.ar\/web\/wp-content\/uploads\/2023\/07\/WhatsApp-Image-2023-07-04-at-20.39.30.jpeg?resize=768%2C432&amp;ssl=1 768w, https:\/\/i0.wp.com\/elterritorialweb.com.ar\/web\/wp-content\/uploads\/2023\/07\/WhatsApp-Image-2023-07-04-at-20.39.30.jpeg?resize=1536%2C864&amp;ssl=1 1536w, https:\/\/i0.wp.com\/elterritorialweb.com.ar\/web\/wp-content\/uploads\/2023\/07\/WhatsApp-Image-2023-07-04-at-20.39.30.jpeg?w=1599&amp;ssl=1 1599w, https:\/\/i0.wp.com\/elterritorialweb.com.ar\/web\/wp-content\/uploads\/2023\/07\/WhatsApp-Image-2023-07-04-at-20.39.30.jpeg?w=1280 1280w\" data-sizes=\"(max-width: 640px) 100vw, 640px\" src=\"data:image\/svg+xml;base64,PHN2ZyB3aWR0aD0iMSIgaGVpZ2h0PSIxIiB4bWxucz0iaHR0cDovL3d3dy53My5vcmcvMjAwMC9zdmciPjwvc3ZnPg==\" style=\"--smush-placeholder-width: 640px; --smush-placeholder-aspect-ratio: 640\/360;\" \/><\/a><\/figure>\n\n\n\n<p><em>\u00abEsta instituci\u00f3n esta comprendida en el marco de la ley de Educaci\u00f3n Nacional cuenta de 4 niveles y 8 modalidades; entre ellas la formaci\u00f3n profesional, aqui donde los estudiantes ingresan aun recorrido de profesionalizaci\u00f3n y habilidades, la formacion profesional los prepara, los actualiza y desarrolla las capacidades de los estudiantes para que se desenvuelvan efectivamente en \u00e1reas laborales<\/em>\u00ab. asegur\u00f3 la directora de la instituci\u00f3n <\/p>\n\n\n\n<figure class=\"wp-block-image aligncenter size-large\"><a href=\"https:\/\/i0.wp.com\/elterritorialweb.com.ar\/web\/wp-content\/uploads\/2023\/07\/WhatsApp-Image-2023-07-04-at-20.45.39.jpeg\"><img data-recalc-dims=\"1\" decoding=\"async\" width=\"640\" height=\"360\" data-src=\"https:\/\/i0.wp.com\/elterritorialweb.com.ar\/web\/wp-content\/uploads\/2023\/07\/WhatsApp-Image-2023-07-04-at-20.45.39.jpeg?resize=640%2C360\" alt=\"\" class=\"wp-image-55119 lazyload\" data-srcset=\"https:\/\/i0.wp.com\/elterritorialweb.com.ar\/web\/wp-content\/uploads\/2023\/07\/WhatsApp-Image-2023-07-04-at-20.45.39.jpeg?resize=1024%2C576&amp;ssl=1 1024w, https:\/\/i0.wp.com\/elterritorialweb.com.ar\/web\/wp-content\/uploads\/2023\/07\/WhatsApp-Image-2023-07-04-at-20.45.39.jpeg?resize=300%2C169&amp;ssl=1 300w, https:\/\/i0.wp.com\/elterritorialweb.com.ar\/web\/wp-content\/uploads\/2023\/07\/WhatsApp-Image-2023-07-04-at-20.45.39.jpeg?resize=768%2C432&amp;ssl=1 768w, https:\/\/i0.wp.com\/elterritorialweb.com.ar\/web\/wp-content\/uploads\/2023\/07\/WhatsApp-Image-2023-07-04-at-20.45.39.jpeg?resize=1536%2C864&amp;ssl=1 1536w, https:\/\/i0.wp.com\/elterritorialweb.com.ar\/web\/wp-content\/uploads\/2023\/07\/WhatsApp-Image-2023-07-04-at-20.45.39.jpeg?w=1599&amp;ssl=1 1599w, https:\/\/i0.wp.com\/elterritorialweb.com.ar\/web\/wp-content\/uploads\/2023\/07\/WhatsApp-Image-2023-07-04-at-20.45.39.jpeg?w=1280 1280w\" data-sizes=\"(max-width: 640px) 100vw, 640px\" src=\"data:image\/svg+xml;base64,PHN2ZyB3aWR0aD0iMSIgaGVpZ2h0PSIxIiB4bWxucz0iaHR0cDovL3d3dy53My5vcmcvMjAwMC9zdmciPjwvc3ZnPg==\" style=\"--smush-placeholder-width: 640px; --smush-placeholder-aspect-ratio: 640\/360;\" \/><\/a><figcaption class=\"wp-element-caption\">Directora Aurora \u00c1vila<\/figcaption><\/figure>\n\n\n\n<p><em>\u00abEn el a\u00f1o 2017 se implementa en nuestra escuela la parte modular, que constituye una forma de ense\u00f1anza activa en la cual los estudiantes adquieren conocimientos, tecnicas y metodos, y estan divididas en cantidad de horas, al terminar el cursado realizan las pr\u00e1cticas profesionalizantes, que son estrategias formativas con el objetivo que los estudiantes se desenvuelvan en situciones reales de trabajo\u00bb<\/em>, record\u00f3 <\/p>\n\n\n\n<p><em>\u00abPodemos decir con mucha satisfacci\u00f3n que nuestra instituci\u00f3n ha sido reconocida por varios proyectos, durante el a\u00f1o 2022 como ser el aprovechamiento de un producto natural de harina de algarroba, con el que se realizaba diferentes alimentos. actualemente los estudientes fueron seleccionados para competir en el Nodo Tecnol\u00f3gico en la Feria de las Ciencias con el proyecto realizado con leche de cabra, un alimento nutritivo\u00bb, a\u00f1adi\u00f3.<\/em><\/p>\n\n\n\n<figure class=\"wp-block-image aligncenter size-large\"><a href=\"https:\/\/i0.wp.com\/elterritorialweb.com.ar\/web\/wp-content\/uploads\/2023\/07\/WhatsApp-Image-2023-07-05-at-01.20.04.jpeg\"><img data-recalc-dims=\"1\" decoding=\"async\" width=\"640\" height=\"480\" data-src=\"https:\/\/i0.wp.com\/elterritorialweb.com.ar\/web\/wp-content\/uploads\/2023\/07\/WhatsApp-Image-2023-07-05-at-01.20.04.jpeg?resize=640%2C480\" alt=\"\" class=\"wp-image-55121 lazyload\" data-srcset=\"https:\/\/i0.wp.com\/elterritorialweb.com.ar\/web\/wp-content\/uploads\/2023\/07\/WhatsApp-Image-2023-07-05-at-01.20.04.jpeg?resize=1024%2C768&amp;ssl=1 1024w, https:\/\/i0.wp.com\/elterritorialweb.com.ar\/web\/wp-content\/uploads\/2023\/07\/WhatsApp-Image-2023-07-05-at-01.20.04.jpeg?resize=300%2C225&amp;ssl=1 300w, https:\/\/i0.wp.com\/elterritorialweb.com.ar\/web\/wp-content\/uploads\/2023\/07\/WhatsApp-Image-2023-07-05-at-01.20.04.jpeg?resize=768%2C576&amp;ssl=1 768w, https:\/\/i0.wp.com\/elterritorialweb.com.ar\/web\/wp-content\/uploads\/2023\/07\/WhatsApp-Image-2023-07-05-at-01.20.04.jpeg?w=1280&amp;ssl=1 1280w\" data-sizes=\"(max-width: 640px) 100vw, 640px\" src=\"data:image\/svg+xml;base64,PHN2ZyB3aWR0aD0iMSIgaGVpZ2h0PSIxIiB4bWxucz0iaHR0cDovL3d3dy53My5vcmcvMjAwMC9zdmciPjwvc3ZnPg==\" style=\"--smush-placeholder-width: 640px; --smush-placeholder-aspect-ratio: 640\/480;\" \/><\/a><figcaption class=\"wp-element-caption\">Docentes de la escuela<\/figcaption><\/figure>\n\n\n\n<p><em>\u00abA lo largo de estos 50 a\u00f1os la escuela a contribuido a crear un puente entre lo rural y lo urbano, que han permitido que nuestro jovenes alcancen importantes metas, tanto para el desarrollo personal, social, cultural y economico de la zona, ha elevado a la cultura general de la persona, ha sido un lugar de encuentro y buena convivencia a dotado a la persona de recurso y de valores que le permitan enfrentarse a la vida con espiritu democratico. Por otro lado se ha forzado a crecer en calidad, con la actualizacion constante de nuestros docentes, en definitiva,  se ha hecho merecedora del respeto y la consideraci\u00f3n de la sociedad a la que le sirve\u00bb<\/em>. finaliz\u00f3 diciendo Aurora \u00c1vila.<\/p>\n\n\n\n<p>Para finalizar el acto, se proyect\u00f3 un video alusivo a los 50 a\u00f1os de trabajo educativo de la instituci\u00f3n, donde fue el momento m\u00e1s emotivo de la noche, donde mostraron en pocos minutos los momentos importantes en las cinco d\u00e9cadas de existencia de la escuela.<\/p>\n\n\n\n<h3 class=\"wp-block-heading\">Historia de la Escuela<\/h3>\n\n\n\n<p>La <strong>Escuela F\u00e1brica \u2116 1<\/strong>, fue creada en el a\u00f1o 1973. El lugar que ocup\u00f3 originariamente la escuela fu\u00e9 cedido por la Escuela Centenario y constataba de dos salones para los talleres de especialidades, una aula y una habitacion donde funcionaba la direcci\u00f3n y secretar\u00eda. <\/p>\n\n\n\n<p>Se inici\u00f3 con las especialidades de Cester\u00eda, Escober\u00eda y Corte y Confecci\u00f3n y se crearon tres departamentos: <strong>Departamento de Guardapolvos y Banderas<\/strong>; <strong>Departamento de Confecci\u00f3n de Escobas y Cepillos<\/strong> y <strong>Departamento de Cester\u00eda<\/strong><\/p>\n\n\n\n<p>En 1976, se traslada la escuela a su actual ubicaci\u00f3n en los predios del Aeropuerto. Funciona en el turno noche y comparte el edificio con la escuela Gumersindo Sayago, y en el horario de la noche, con las escuelas de Perfeccionamiento Aeronautico y el Centro de Alfabetizaci\u00f3n de Adultos. Durante los a\u00f1os siguientes, se fueron creando distintos especialidades y modalidades, acorde a requerimientos y necesidades. <\/p>\n\n\n\n<p>A ella concurren adolescentes mayores de 14 a\u00f1os y adultos sin l\u00edmite de edad. Se los acepta con 4\u00b0 grado aprobado, exceptuando electricidad y mec\u00e1nica del automotor, en los que se requiere tener 7\u00b0 grado aprobado. Cuenta con un total de 220 alumnos, distribuidos en los talleres de tapicer\u00eda, Peluqueria, Corte y Confecci\u00f3n, Cocina y Reposter\u00eda, Carpinter\u00eda, Electricidad, tejido y Mec\u00e1nica del automotor. Desde la puesta en vigencia de la Ley de Educaci\u00f3n Secundaria Obligatoria no se permite el ingreso de alumnos menores de 18 a\u00f1os, exceptuando alumnos, de 16 y 17 a\u00f1os que cursen la escuela secundaria.<\/p>\n\n\n\n<p><\/p>\n","protected":false},"excerpt":{"rendered":"<p>Este martes en horas de la tarde, se realiz\u00f3 el acto por el 50\u00b0 aniversario de la Escuela de Formaci\u00f3n Profesional y Capacitaci\u00f3n Laboral N\u00b0 33.<\/p>\n","protected":false},"author":2,"featured_media":55114,"comment_status":"open","ping_status":"open","sticky":false,"template":"","format":"standard","meta":{"om_disable_all_campaigns":false,"_monsterinsights_skip_tracking":false,"_monsterinsights_sitenote_active":false,"_monsterinsights_sitenote_note":"","_monsterinsights_sitenote_category":0,"_uf_show_specific_survey":0,"_uf_disable_surveys":false,"jetpack_post_was_ever_published":false,"_jetpack_newsletter_access":"","_jetpack_dont_email_post_to_subs":false,"_jetpack_newsletter_tier_id":0,"_jetpack_memberships_contains_paywalled_content":false,"_jetpack_memberships_contains_paid_content":false,"footnotes":"","jetpack_publicize_message":"","jetpack_publicize_feature_enabled":true,"jetpack_social_post_already_shared":true,"jetpack_social_options":{"image_generator_settings":{"template":"highway","default_image_id":0,"font":"","enabled":false},"version":2}},"categories":[19],"tags":[],"class_list":["post-54783","post","type-post","status-publish","format-standard","has-post-thumbnail","hentry","category-educacion"],"aioseo_notices":[],"views":112,"jetpack_publicize_connections":[],"jetpack_featured_media_url":"https:\/\/i0.wp.com\/elterritorialweb.com.ar\/web\/wp-content\/uploads\/2023\/07\/IMG-20230704-WA0019-scaled.jpeg?fit=2560%2C1440&ssl=1","jetpack_sharing_enabled":true,"_links":{"self":[{"href":"https:\/\/elterritorialweb.com.ar\/web\/wp-json\/wp\/v2\/posts\/54783","targetHints":{"allow":["GET"]}}],"collection":[{"href":"https:\/\/elterritorialweb.com.ar\/web\/wp-json\/wp\/v2\/posts"}],"about":[{"href":"https:\/\/elterritorialweb.com.ar\/web\/wp-json\/wp\/v2\/types\/post"}],"author":[{"embeddable":true,"href":"https:\/\/elterritorialweb.com.ar\/web\/wp-json\/wp\/v2\/users\/2"}],"replies":[{"embeddable":true,"href":"https:\/\/elterritorialweb.com.ar\/web\/wp-json\/wp\/v2\/comments?post=54783"}],"version-history":[{"count":3,"href":"https:\/\/elterritorialweb.com.ar\/web\/wp-json\/wp\/v2\/posts\/54783\/revisions"}],"predecessor-version":[{"id":55127,"href":"https:\/\/elterritorialweb.com.ar\/web\/wp-json\/wp\/v2\/posts\/54783\/revisions\/55127"}],"wp:featuredmedia":[{"embeddable":true,"href":"https:\/\/elterritorialweb.com.ar\/web\/wp-json\/wp\/v2\/media\/55114"}],"wp:attachment":[{"href":"https:\/\/elterritorialweb.com.ar\/web\/wp-json\/wp\/v2\/media?parent=54783"}],"wp:term":[{"taxonomy":"category","embeddable":true,"href":"https:\/\/elterritorialweb.com.ar\/web\/wp-json\/wp\/v2\/categories?post=54783"},{"taxonomy":"post_tag","embeddable":true,"href":"https:\/\/elterritorialweb.com.ar\/web\/wp-json\/wp\/v2\/tags?post=54783"}],"curies":[{"name":"wp","href":"https:\/\/api.w.org\/{rel}","templated":true}]}}