{"id":54791,"date":"2023-06-27T18:22:11","date_gmt":"2023-06-27T18:22:11","guid":{"rendered":"http:\/\/elterritorialweb.com.ar\/web\/?p=54791"},"modified":"2023-06-27T18:43:06","modified_gmt":"2023-06-27T18:43:06","slug":"se-viene-el-primer-congreso-nacional-de-comunicacion-relaciones-publicas-y-marketing-en-santiago-del-estero","status":"publish","type":"post","link":"https:\/\/elterritorialweb.com.ar\/web\/se-viene-el-primer-congreso-nacional-de-comunicacion-relaciones-publicas-y-marketing-en-santiago-del-estero\/","title":{"rendered":"SE VIENE EL PRIMER CONGRESO NACIONAL DE COMUNICACI\u00d3N, RELACIONES P\u00daBLICAS Y MARKETING EN SANTIAGO DEL ESTERO"},"content":{"rendered":"\n<p>El Congreso cuenta con el auspicio de instituciones de renombre, como el Ministerio de Turismo y Deportes de la Naci\u00f3n Argentina, El Gobierno de la provincia de Santiago del Estero, a trav\u00e9s de la Jefatura de Gabinete de ministros, la Subsecretar\u00eda de Turismo de la provincia de Santiago del Estero y CIDEC Argentina. Adem\u00e1s, el Instituto Superior CEO, la Red Argentina de Relaciones P\u00fablicas y Protocolo (REDARP) y la Comunidad Argentina de Relaciones P\u00fablicas (CAREP) se han sumado como adherentes a esta destacada iniciativa.<\/p>\n\n\n\n<p>El evento contar\u00e1 con la participaci\u00f3n de reconocidos referentes nacionales e internacionales en el \u00e1mbito de la comunicaci\u00f3n, las relaciones p\u00fablicas y el marketing. Entre los destacados conferencistas nacionales se encuentran Cristian Baquero Lazcano, quien disertar\u00e1 sobre la importancia de las \u201cRelaciones P\u00fablicas y la Marca Pa\u00eds\u201d, Mariano Escobar, acerca del \u00abImpacto de las Relaciones P\u00fablicas en la Sociedad 3.0\u00bb, Macarena Volpe quien hablar\u00e1 sobre \u201cMarketing Digital de cero a cien\u201d, Rolando Muzzin que har\u00e1 lo propio con \u201cEstrategias digitales para campa\u00f1as exitosas\u201d, Emanuel Morello, abordar\u00e1 el t\u00f3pico de \u201cLa narrativa pol\u00edtica y las redes sociales\u201d y Fernanda Raschi se referir\u00e1 a la \u201cComunicaci\u00f3n Municipal y las estrategias comunicacionales del \u00f3rgano ejecutivo municipal\u201d, entre otros expositores. Asimismo, en esta primera edici\u00f3n se tendr\u00e1 la presencia exclusiva de importantes conferencistas internacionales, como Cristina Sica (Presidenta y Miembro Fundador de la Asociaci\u00f3n Uruguaya de Ceremonial y Protocolo), la Magister Isabel Portuguez (Decana Regional de Lima del Colegio Profesional de Relacionistas P\u00fablicos del Per\u00fa) y la Prof. Andrea Morales Galarraga de Ecuador.<\/p>\n\n\n\n<p>El Congreso Nacional de Comunicaci\u00f3n, Relaciones P\u00fablicas y Marketing, a desarrollarse en el Nodo Tecnol\u00f3gico de Santiago del Estero, (ubicado en el Parque Industrial de La Banda), ofrecer\u00e1 un programa completo de conferencias y exposiciones, brindando a los asistentes una oportunidad \u00fanica de actualizarse y ampliar sus conocimientos en las \u00e1reas mencionadas, en tanto que en sus inmediaciones se podr\u00e1 interactuar con la Feria de Emprendedores y conocer de cerca la oferta gastron\u00f3mica con Foodtrucks.<\/p>\n\n\n\n<p>Cabe destacar que la actividad otorgar\u00e1 certificaci\u00f3n oficial y puntaje docente a los participantes, quienes podr\u00e1n obtener un valioso respaldo para su desarrollo profesional.<\/p>\n\n\n\n<p>Ser\u00e1 sin duda un encuentro para compartir dos d\u00edas llenos de aprendizaje, networking y nuevas experiencias en el apasionante mundo de la comunicaci\u00f3n y el marketing.<\/p>\n\n\n\n<p>A quienes est\u00e9n interesados en formar parte de este importante evento, se les invita a inscribirse enviando un correo electr\u00f3nico a congresosyseminariossgo@gmail.com o contact\u00e1ndose telef\u00f3nicamente al 385 402 9756 y 385 503 6828.<\/p>\n","protected":false},"excerpt":{"rendered":"<p>Santiago del Estero se prepara para recibir el evento m\u00e1s destacado del \u00e1mbito de la comunicaci\u00f3n, relaciones p\u00fablicas y marketing en Argentina. El Primer Congreso Nacional, organizado por Anagrama y la Asociaci\u00f3n Civil Convergencia, se llevar\u00e1 a cabo los d\u00edas 29 y 30 de junio de 2023 en esta hist\u00f3rica provincia del norte del pa\u00eds.<\/p>\n","protected":false},"author":2,"featured_media":54794,"comment_status":"open","ping_status":"open","sticky":false,"template":"","format":"standard","meta":{"om_disable_all_campaigns":false,"_monsterinsights_skip_tracking":false,"_monsterinsights_sitenote_active":false,"_monsterinsights_sitenote_note":"","_monsterinsights_sitenote_category":0,"_uf_show_specific_survey":0,"_uf_disable_surveys":false,"jetpack_post_was_ever_published":false,"_jetpack_newsletter_access":"","_jetpack_dont_email_post_to_subs":false,"_jetpack_newsletter_tier_id":0,"_jetpack_memberships_contains_paywalled_content":false,"_jetpack_memberships_contains_paid_content":false,"footnotes":"","jetpack_publicize_message":"","jetpack_publicize_feature_enabled":true,"jetpack_social_post_already_shared":true,"jetpack_social_options":{"image_generator_settings":{"template":"highway","default_image_id":0,"font":"","enabled":false},"version":2}},"categories":[21],"tags":[346,347],"class_list":["post-54791","post","type-post","status-publish","format-standard","has-post-thumbnail","hentry","category-locales","tag-nodo-tecnologico","tag-primer-cngreso-nacional-comunicacion"],"aioseo_notices":[],"views":9,"jetpack_publicize_connections":[],"jetpack_featured_media_url":"https:\/\/i0.wp.com\/elterritorialweb.com.ar\/web\/wp-content\/uploads\/2023\/06\/NODO.png?fit=578%2C326&ssl=1","jetpack_sharing_enabled":true,"_links":{"self":[{"href":"https:\/\/elterritorialweb.com.ar\/web\/wp-json\/wp\/v2\/posts\/54791","targetHints":{"allow":["GET"]}}],"collection":[{"href":"https:\/\/elterritorialweb.com.ar\/web\/wp-json\/wp\/v2\/posts"}],"about":[{"href":"https:\/\/elterritorialweb.com.ar\/web\/wp-json\/wp\/v2\/types\/post"}],"author":[{"embeddable":true,"href":"https:\/\/elterritorialweb.com.ar\/web\/wp-json\/wp\/v2\/users\/2"}],"replies":[{"embeddable":true,"href":"https:\/\/elterritorialweb.com.ar\/web\/wp-json\/wp\/v2\/comments?post=54791"}],"version-history":[{"count":1,"href":"https:\/\/elterritorialweb.com.ar\/web\/wp-json\/wp\/v2\/posts\/54791\/revisions"}],"predecessor-version":[{"id":54793,"href":"https:\/\/elterritorialweb.com.ar\/web\/wp-json\/wp\/v2\/posts\/54791\/revisions\/54793"}],"wp:featuredmedia":[{"embeddable":true,"href":"https:\/\/elterritorialweb.com.ar\/web\/wp-json\/wp\/v2\/media\/54794"}],"wp:attachment":[{"href":"https:\/\/elterritorialweb.com.ar\/web\/wp-json\/wp\/v2\/media?parent=54791"}],"wp:term":[{"taxonomy":"category","embeddable":true,"href":"https:\/\/elterritorialweb.com.ar\/web\/wp-json\/wp\/v2\/categories?post=54791"},{"taxonomy":"post_tag","embeddable":true,"href":"https:\/\/elterritorialweb.com.ar\/web\/wp-json\/wp\/v2\/tags?post=54791"}],"curies":[{"name":"wp","href":"https:\/\/api.w.org\/{rel}","templated":true}]}}