{"id":54795,"date":"2023-06-27T22:48:45","date_gmt":"2023-06-27T22:48:45","guid":{"rendered":"http:\/\/elterritorialweb.com.ar\/web\/?p=54795"},"modified":"2023-06-27T23:06:19","modified_gmt":"2023-06-27T23:06:19","slug":"gran-apertura-de-la-conferencia-internacional-de-residuos-solidos-y-economia-circular","status":"publish","type":"post","link":"https:\/\/elterritorialweb.com.ar\/web\/gran-apertura-de-la-conferencia-internacional-de-residuos-solidos-y-economia-circular\/","title":{"rendered":"GRAN APERTURA DE LA CONFERENCIA INTERNACIONAL DE \u00abRESIDUOS S\u00d3LIDOS Y ECONOM\u00cdA CIRCULAR\u00bb"},"content":{"rendered":"\n<p>Se anunci\u00f3 el financiamiento otorgado por el BID para la construcci\u00f3n de un centro ambiental para la Capital y una estaci\u00f3n de transferencia, clasificaci\u00f3n y disposici\u00f3n final de residuos s\u00f3lidos para La Banda.<\/p>\n\n\n\n<figure class=\"wp-block-image size-full\"><a href=\"https:\/\/i0.wp.com\/elterritorialweb.com.ar\/web\/wp-content\/uploads\/2023\/06\/FB_IMG_1687905874290.jpg\"><img data-recalc-dims=\"1\" decoding=\"async\" width=\"640\" height=\"295\" data-src=\"https:\/\/i0.wp.com\/elterritorialweb.com.ar\/web\/wp-content\/uploads\/2023\/06\/FB_IMG_1687905874290.jpg?resize=640%2C295\" alt=\"\" class=\"wp-image-54797 lazyload\" data-srcset=\"https:\/\/i0.wp.com\/elterritorialweb.com.ar\/web\/wp-content\/uploads\/2023\/06\/FB_IMG_1687905874290.jpg?w=720&amp;ssl=1 720w, https:\/\/i0.wp.com\/elterritorialweb.com.ar\/web\/wp-content\/uploads\/2023\/06\/FB_IMG_1687905874290.jpg?resize=300%2C138&amp;ssl=1 300w\" data-sizes=\"(max-width: 640px) 100vw, 640px\" src=\"data:image\/svg+xml;base64,PHN2ZyB3aWR0aD0iMSIgaGVpZ2h0PSIxIiB4bWxucz0iaHR0cDovL3d3dy53My5vcmcvMjAwMC9zdmciPjwvc3ZnPg==\" style=\"--smush-placeholder-width: 640px; --smush-placeholder-aspect-ratio: 640\/295;\" \/><\/a><\/figure>\n\n\n\n<p>Se trata de un proyecto de saneamiento para los dos principales centros urbanos de la provincia y la completa erradicaci\u00f3n de basurales a cielo abierto.<\/p>\n\n\n\n<figure class=\"wp-block-image size-full\"><a href=\"https:\/\/i0.wp.com\/elterritorialweb.com.ar\/web\/wp-content\/uploads\/2023\/06\/FB_IMG_1687905880188.jpg\"><img data-recalc-dims=\"1\" decoding=\"async\" width=\"640\" height=\"483\" data-src=\"https:\/\/i0.wp.com\/elterritorialweb.com.ar\/web\/wp-content\/uploads\/2023\/06\/FB_IMG_1687905880188.jpg?resize=640%2C483\" alt=\"\" class=\"wp-image-54798 lazyload\" data-srcset=\"https:\/\/i0.wp.com\/elterritorialweb.com.ar\/web\/wp-content\/uploads\/2023\/06\/FB_IMG_1687905880188.jpg?w=720&amp;ssl=1 720w, https:\/\/i0.wp.com\/elterritorialweb.com.ar\/web\/wp-content\/uploads\/2023\/06\/FB_IMG_1687905880188.jpg?resize=300%2C226&amp;ssl=1 300w\" data-sizes=\"(max-width: 640px) 100vw, 640px\" src=\"data:image\/svg+xml;base64,PHN2ZyB3aWR0aD0iMSIgaGVpZ2h0PSIxIiB4bWxucz0iaHR0cDovL3d3dy53My5vcmcvMjAwMC9zdmciPjwvc3ZnPg==\" style=\"--smush-placeholder-width: 640px; --smush-placeholder-aspect-ratio: 640\/483;\" \/><\/a><\/figure>\n\n\n\n<p>Tambi\u00e9n fueron parte del acto, el vicegobernador Carlos Silva Neder y los intendentes de la Capital, Norma Fuentes, y de La Banda, Roger Nediani. Participaron tambi\u00e9n la intendenta electa de San Miguel deTucum\u00e1n, Rossana Chahla entre otras autoridades provinciales y municipales.<\/p>\n\n\n\n<figure class=\"wp-block-image size-full\"><a href=\"https:\/\/i0.wp.com\/elterritorialweb.com.ar\/web\/wp-content\/uploads\/2023\/06\/FB_IMG_1687905877077.jpg\"><img data-recalc-dims=\"1\" decoding=\"async\" width=\"640\" height=\"427\" data-src=\"https:\/\/i0.wp.com\/elterritorialweb.com.ar\/web\/wp-content\/uploads\/2023\/06\/FB_IMG_1687905877077.jpg?resize=640%2C427\" alt=\"\" class=\"wp-image-54799 lazyload\" data-srcset=\"https:\/\/i0.wp.com\/elterritorialweb.com.ar\/web\/wp-content\/uploads\/2023\/06\/FB_IMG_1687905877077.jpg?w=720&amp;ssl=1 720w, https:\/\/i0.wp.com\/elterritorialweb.com.ar\/web\/wp-content\/uploads\/2023\/06\/FB_IMG_1687905877077.jpg?resize=300%2C200&amp;ssl=1 300w\" data-sizes=\"(max-width: 640px) 100vw, 640px\" src=\"data:image\/svg+xml;base64,PHN2ZyB3aWR0aD0iMSIgaGVpZ2h0PSIxIiB4bWxucz0iaHR0cDovL3d3dy53My5vcmcvMjAwMC9zdmciPjwvc3ZnPg==\" style=\"--smush-placeholder-width: 640px; --smush-placeholder-aspect-ratio: 640\/427;\" \/><\/a><\/figure>\n","protected":false},"excerpt":{"rendered":"<p>Esta tarde en el Forum, el gobernador Gerardo Zamora, junto con el viceministro de Medio Ambiente y Desarrollo Sostenible de la Naci\u00f3n, Sergio Federovisky, y el representante en #Argentina del Banco Interamericano de Desarrollo (BID), Jos\u00e9 Aguerre, encabezaron el acto de apertura de la Conferencia Internacional de Residuos S\u00f3lidos y Econom\u00eda Circular.<\/p>\n","protected":false},"author":2,"featured_media":54796,"comment_status":"open","ping_status":"open","sticky":false,"template":"","format":"standard","meta":{"om_disable_all_campaigns":false,"_monsterinsights_skip_tracking":false,"_monsterinsights_sitenote_active":false,"_monsterinsights_sitenote_note":"","_monsterinsights_sitenote_category":0,"_uf_show_specific_survey":0,"_uf_disable_surveys":false,"jetpack_post_was_ever_published":false,"_jetpack_newsletter_access":"","_jetpack_dont_email_post_to_subs":false,"_jetpack_newsletter_tier_id":0,"_jetpack_memberships_contains_paywalled_content":false,"_jetpack_memberships_contains_paid_content":false,"footnotes":"","jetpack_publicize_message":"","jetpack_publicize_feature_enabled":true,"jetpack_social_post_already_shared":true,"jetpack_social_options":{"image_generator_settings":{"template":"highway","default_image_id":0,"font":"","enabled":false},"version":2}},"categories":[21],"tags":[59,49],"class_list":["post-54795","post","type-post","status-publish","format-standard","has-post-thumbnail","hentry","category-locales","tag-gerardo-zamora","tag-gobierno-de-santiago-del-estero"],"aioseo_notices":[],"views":15,"jetpack_publicize_connections":[],"jetpack_featured_media_url":"https:\/\/i0.wp.com\/elterritorialweb.com.ar\/web\/wp-content\/uploads\/2023\/06\/FB_IMG_1687905871132.jpg?fit=720%2C480&ssl=1","jetpack_sharing_enabled":true,"_links":{"self":[{"href":"https:\/\/elterritorialweb.com.ar\/web\/wp-json\/wp\/v2\/posts\/54795","targetHints":{"allow":["GET"]}}],"collection":[{"href":"https:\/\/elterritorialweb.com.ar\/web\/wp-json\/wp\/v2\/posts"}],"about":[{"href":"https:\/\/elterritorialweb.com.ar\/web\/wp-json\/wp\/v2\/types\/post"}],"author":[{"embeddable":true,"href":"https:\/\/elterritorialweb.com.ar\/web\/wp-json\/wp\/v2\/users\/2"}],"replies":[{"embeddable":true,"href":"https:\/\/elterritorialweb.com.ar\/web\/wp-json\/wp\/v2\/comments?post=54795"}],"version-history":[{"count":1,"href":"https:\/\/elterritorialweb.com.ar\/web\/wp-json\/wp\/v2\/posts\/54795\/revisions"}],"predecessor-version":[{"id":54800,"href":"https:\/\/elterritorialweb.com.ar\/web\/wp-json\/wp\/v2\/posts\/54795\/revisions\/54800"}],"wp:featuredmedia":[{"embeddable":true,"href":"https:\/\/elterritorialweb.com.ar\/web\/wp-json\/wp\/v2\/media\/54796"}],"wp:attachment":[{"href":"https:\/\/elterritorialweb.com.ar\/web\/wp-json\/wp\/v2\/media?parent=54795"}],"wp:term":[{"taxonomy":"category","embeddable":true,"href":"https:\/\/elterritorialweb.com.ar\/web\/wp-json\/wp\/v2\/categories?post=54795"},{"taxonomy":"post_tag","embeddable":true,"href":"https:\/\/elterritorialweb.com.ar\/web\/wp-json\/wp\/v2\/tags?post=54795"}],"curies":[{"name":"wp","href":"https:\/\/api.w.org\/{rel}","templated":true}]}}