{"id":54882,"date":"2023-06-29T15:32:17","date_gmt":"2023-06-29T15:32:17","guid":{"rendered":"http:\/\/elterritorialweb.com.ar\/web\/?p=54882"},"modified":"2023-06-29T15:39:46","modified_gmt":"2023-06-29T15:39:46","slug":"la-provincia-entrego-camiones-compactadores-de-residuos-a-cuatro-municipios","status":"publish","type":"post","link":"https:\/\/elterritorialweb.com.ar\/web\/la-provincia-entrego-camiones-compactadores-de-residuos-a-cuatro-municipios\/","title":{"rendered":"LA PROVINCIA ENTREG\u00d3 CAMIONES COMPACTADORES DE RESIDUOS A CUATRO MUNICIPIOS"},"content":{"rendered":"\n<p>En nombre del gobernador Gerardo Zamora, el jefe de Gabinete de Ministros, El\u00edas Su\u00e1rez, hizo entrega de las llaves de cada una de las unidades a los intendentes de Fr\u00edas, Humberto Salim; de Monte Quemado, Felipe Cisneros y de Quimil\u00ed, Diego Ponti. Mientras que por la ciudad tur\u00edstica estuvo el secretario de Gobierno, Ra\u00fal Guti\u00e9rrez.<br>La entrega se llev\u00f3 a cabo frente a Casa de Gobierno, donde Su\u00e1rez destac\u00f3 la importancia de contribuir con el cuidado del medioambiente mediante la entrega de equipamiento \u201cbuscando siempre una mejor calidad de vida de todos los ciudadanos\u201d.<\/p>\n\n\n\n<figure class=\"wp-block-image size-large\"><a href=\"https:\/\/i0.wp.com\/elterritorialweb.com.ar\/web\/wp-content\/uploads\/2023\/06\/WhatsApp-Image-2023-06-29-at-12.28.39.jpeg\"><img data-recalc-dims=\"1\" decoding=\"async\" width=\"640\" height=\"403\" data-src=\"https:\/\/i0.wp.com\/elterritorialweb.com.ar\/web\/wp-content\/uploads\/2023\/06\/WhatsApp-Image-2023-06-29-at-12.28.39.jpeg?resize=640%2C403\" alt=\"\" class=\"wp-image-54883 lazyload\" data-srcset=\"https:\/\/i0.wp.com\/elterritorialweb.com.ar\/web\/wp-content\/uploads\/2023\/06\/WhatsApp-Image-2023-06-29-at-12.28.39.jpeg?resize=1024%2C645&amp;ssl=1 1024w, https:\/\/i0.wp.com\/elterritorialweb.com.ar\/web\/wp-content\/uploads\/2023\/06\/WhatsApp-Image-2023-06-29-at-12.28.39.jpeg?resize=300%2C189&amp;ssl=1 300w, https:\/\/i0.wp.com\/elterritorialweb.com.ar\/web\/wp-content\/uploads\/2023\/06\/WhatsApp-Image-2023-06-29-at-12.28.39.jpeg?resize=768%2C484&amp;ssl=1 768w, https:\/\/i0.wp.com\/elterritorialweb.com.ar\/web\/wp-content\/uploads\/2023\/06\/WhatsApp-Image-2023-06-29-at-12.28.39.jpeg?resize=1536%2C968&amp;ssl=1 1536w, https:\/\/i0.wp.com\/elterritorialweb.com.ar\/web\/wp-content\/uploads\/2023\/06\/WhatsApp-Image-2023-06-29-at-12.28.39.jpeg?resize=540%2C340&amp;ssl=1 540w, https:\/\/i0.wp.com\/elterritorialweb.com.ar\/web\/wp-content\/uploads\/2023\/06\/WhatsApp-Image-2023-06-29-at-12.28.39.jpeg?w=1600&amp;ssl=1 1600w, https:\/\/i0.wp.com\/elterritorialweb.com.ar\/web\/wp-content\/uploads\/2023\/06\/WhatsApp-Image-2023-06-29-at-12.28.39.jpeg?w=1280 1280w\" data-sizes=\"(max-width: 640px) 100vw, 640px\" src=\"data:image\/svg+xml;base64,PHN2ZyB3aWR0aD0iMSIgaGVpZ2h0PSIxIiB4bWxucz0iaHR0cDovL3d3dy53My5vcmcvMjAwMC9zdmciPjwvc3ZnPg==\" style=\"--smush-placeholder-width: 640px; --smush-placeholder-aspect-ratio: 640\/403;\" \/><\/a><\/figure>\n\n\n\n<p>Por su parte, las autoridades municipales agradecieron el apoyo brindado por el Gobierno de la provincia en la tarea permanente de atender las necesidades de los vecinos.<br>En este caso, destacaron el papel importante de estas unidades que permitir\u00e1n fortalecer las acciones para la recolecci\u00f3n y el tratamiento adecuado de los residuos urbanos.<\/p>\n","protected":false},"excerpt":{"rendered":"<p>Los municipios de Fr\u00edas, Las Termas, Monte Quemado y Quimil\u00ed recibieron este jueves cada uno un cami\u00f3n equipado con caja compactadora de residuos, con una capacidad de 17 metros c\u00fabicos, para reforzar el servicio de higiene de esas ciudades.<\/p>\n","protected":false},"author":2,"featured_media":54884,"comment_status":"open","ping_status":"open","sticky":false,"template":"","format":"standard","meta":{"om_disable_all_campaigns":false,"_monsterinsights_skip_tracking":false,"_monsterinsights_sitenote_active":false,"_monsterinsights_sitenote_note":"","_monsterinsights_sitenote_category":0,"_uf_show_specific_survey":0,"_uf_disable_surveys":false,"jetpack_post_was_ever_published":false,"_jetpack_newsletter_access":"","_jetpack_dont_email_post_to_subs":false,"_jetpack_newsletter_tier_id":0,"_jetpack_memberships_contains_paywalled_content":false,"_jetpack_memberships_contains_paid_content":false,"footnotes":"","jetpack_publicize_message":"","jetpack_publicize_feature_enabled":true,"jetpack_social_post_already_shared":true,"jetpack_social_options":{"image_generator_settings":{"template":"highway","default_image_id":0,"font":"","enabled":false},"version":2}},"categories":[21],"tags":[],"class_list":["post-54882","post","type-post","status-publish","format-standard","has-post-thumbnail","hentry","category-locales"],"aioseo_notices":[],"views":14,"jetpack_publicize_connections":[],"jetpack_featured_media_url":"https:\/\/i0.wp.com\/elterritorialweb.com.ar\/web\/wp-content\/uploads\/2023\/06\/WhatsApp-Image-2023-06-29-at-12.28.40.jpeg?fit=1600%2C1066&ssl=1","jetpack_sharing_enabled":true,"_links":{"self":[{"href":"https:\/\/elterritorialweb.com.ar\/web\/wp-json\/wp\/v2\/posts\/54882","targetHints":{"allow":["GET"]}}],"collection":[{"href":"https:\/\/elterritorialweb.com.ar\/web\/wp-json\/wp\/v2\/posts"}],"about":[{"href":"https:\/\/elterritorialweb.com.ar\/web\/wp-json\/wp\/v2\/types\/post"}],"author":[{"embeddable":true,"href":"https:\/\/elterritorialweb.com.ar\/web\/wp-json\/wp\/v2\/users\/2"}],"replies":[{"embeddable":true,"href":"https:\/\/elterritorialweb.com.ar\/web\/wp-json\/wp\/v2\/comments?post=54882"}],"version-history":[{"count":1,"href":"https:\/\/elterritorialweb.com.ar\/web\/wp-json\/wp\/v2\/posts\/54882\/revisions"}],"predecessor-version":[{"id":54885,"href":"https:\/\/elterritorialweb.com.ar\/web\/wp-json\/wp\/v2\/posts\/54882\/revisions\/54885"}],"wp:featuredmedia":[{"embeddable":true,"href":"https:\/\/elterritorialweb.com.ar\/web\/wp-json\/wp\/v2\/media\/54884"}],"wp:attachment":[{"href":"https:\/\/elterritorialweb.com.ar\/web\/wp-json\/wp\/v2\/media?parent=54882"}],"wp:term":[{"taxonomy":"category","embeddable":true,"href":"https:\/\/elterritorialweb.com.ar\/web\/wp-json\/wp\/v2\/categories?post=54882"},{"taxonomy":"post_tag","embeddable":true,"href":"https:\/\/elterritorialweb.com.ar\/web\/wp-json\/wp\/v2\/tags?post=54882"}],"curies":[{"name":"wp","href":"https:\/\/api.w.org\/{rel}","templated":true}]}}