{"id":54888,"date":"2023-06-30T12:55:34","date_gmt":"2023-06-30T12:55:34","guid":{"rendered":"http:\/\/elterritorialweb.com.ar\/web\/?p=54888"},"modified":"2023-06-30T13:00:26","modified_gmt":"2023-06-30T13:00:26","slug":"se-presento-el-concierto-sinfonico-para-la-ciudad-del-barco-en-la-catedral-basilica","status":"publish","type":"post","link":"https:\/\/elterritorialweb.com.ar\/web\/se-presento-el-concierto-sinfonico-para-la-ciudad-del-barco-en-la-catedral-basilica\/","title":{"rendered":"SE PRESENT\u00d3 EL CONCIERTO SINF\u00d3NICO PARA LA CIUDAD DEL BARCO EN LA CATEDRAL BAS\u00cdLICA"},"content":{"rendered":"\n<p>La gala musical present\u00f3 un amplio repertorio de m\u00fasica que se inici\u00f3 con \u201cLas bodas de Figaro\u201d de Mozart;\u00a0 sigui\u00f3 con \u201cCinema\u00a0 Paradiso\u201d de Ennio Morricone;\u00a0 \u201cLa Vieja\u201d de los Hermanos D\u00edaz; \u201cNostalgias santiague\u00f1as\u201d de los Hermanos \u00c1balos; \u201cMoon River\u201d de Henry Moncini y concluy\u00f3 con la \u201cSinfon\u00eda N\u00ba25\u201d de Mozart.<\/p>\n\n\n\n<p>En el inicio del evento, el director de Cultura municipal, Francisco Avenda\u00f1o sostuvo que este concierto forma parte de las pol\u00edticas de acceso a los bienes culturales que lleva adelante la intendente, Ing. Norma Fuentes, y el equipo de trabajo de la Municipalidad de la Capital, poniendo a disposici\u00f3n de los vecinos diferentes propuestas de jerarqu\u00eda.<\/p>\n\n\n\n<p>Estuvieron presentes en la oportunidad, el secretario de Gobierno municipal, N\u00e9stor Machado; el rector de la UNSE, H\u00e9ctor Paz, entre otras autoridades<\/p>\n","protected":false},"excerpt":{"rendered":"<p>Ante una buena convocatoria de p\u00fablico, se realiz\u00f3 el Concierto para la Ciudad del Barco en Catedral Bas\u00edlica con la presentaci\u00f3n de la Orquesta Sinf\u00f3nica de la Universidad Nacional de Santiago del Estero, dirigida por el maestro Pedro Barbieri y organizada en forma conjunta por la Municipalidad de la Capital y la UNSE, en el marco de los 50 a\u00f1os de la Casa de Altos Estudios.<\/p>\n","protected":false},"author":2,"featured_media":54889,"comment_status":"open","ping_status":"open","sticky":false,"template":"","format":"standard","meta":{"om_disable_all_campaigns":false,"_monsterinsights_skip_tracking":false,"_monsterinsights_sitenote_active":false,"_monsterinsights_sitenote_note":"","_monsterinsights_sitenote_category":0,"_uf_show_specific_survey":0,"_uf_disable_surveys":false,"jetpack_post_was_ever_published":false,"_jetpack_newsletter_access":"","_jetpack_dont_email_post_to_subs":false,"_jetpack_newsletter_tier_id":0,"_jetpack_memberships_contains_paywalled_content":false,"_jetpack_memberships_contains_paid_content":false,"footnotes":"","jetpack_publicize_message":"","jetpack_publicize_feature_enabled":true,"jetpack_social_post_already_shared":true,"jetpack_social_options":{"image_generator_settings":{"template":"highway","default_image_id":0,"font":"","enabled":false},"version":2}},"categories":[21],"tags":[386,73,74],"class_list":["post-54888","post","type-post","status-publish","format-standard","has-post-thumbnail","hentry","category-locales","tag-concierto-para-la-ciudad-del-barco","tag-municipalidad-de-la-capital","tag-unse"],"aioseo_notices":[],"views":13,"jetpack_publicize_connections":[],"jetpack_featured_media_url":"https:\/\/i0.wp.com\/elterritorialweb.com.ar\/web\/wp-content\/uploads\/2023\/06\/sinfonica.jpeg?fit=1600%2C923&ssl=1","jetpack_sharing_enabled":true,"_links":{"self":[{"href":"https:\/\/elterritorialweb.com.ar\/web\/wp-json\/wp\/v2\/posts\/54888","targetHints":{"allow":["GET"]}}],"collection":[{"href":"https:\/\/elterritorialweb.com.ar\/web\/wp-json\/wp\/v2\/posts"}],"about":[{"href":"https:\/\/elterritorialweb.com.ar\/web\/wp-json\/wp\/v2\/types\/post"}],"author":[{"embeddable":true,"href":"https:\/\/elterritorialweb.com.ar\/web\/wp-json\/wp\/v2\/users\/2"}],"replies":[{"embeddable":true,"href":"https:\/\/elterritorialweb.com.ar\/web\/wp-json\/wp\/v2\/comments?post=54888"}],"version-history":[{"count":1,"href":"https:\/\/elterritorialweb.com.ar\/web\/wp-json\/wp\/v2\/posts\/54888\/revisions"}],"predecessor-version":[{"id":54890,"href":"https:\/\/elterritorialweb.com.ar\/web\/wp-json\/wp\/v2\/posts\/54888\/revisions\/54890"}],"wp:featuredmedia":[{"embeddable":true,"href":"https:\/\/elterritorialweb.com.ar\/web\/wp-json\/wp\/v2\/media\/54889"}],"wp:attachment":[{"href":"https:\/\/elterritorialweb.com.ar\/web\/wp-json\/wp\/v2\/media?parent=54888"}],"wp:term":[{"taxonomy":"category","embeddable":true,"href":"https:\/\/elterritorialweb.com.ar\/web\/wp-json\/wp\/v2\/categories?post=54888"},{"taxonomy":"post_tag","embeddable":true,"href":"https:\/\/elterritorialweb.com.ar\/web\/wp-json\/wp\/v2\/tags?post=54888"}],"curies":[{"name":"wp","href":"https:\/\/api.w.org\/{rel}","templated":true}]}}