{"id":54891,"date":"2023-06-30T13:03:59","date_gmt":"2023-06-30T13:03:59","guid":{"rendered":"http:\/\/elterritorialweb.com.ar\/web\/?p=54891"},"modified":"2023-06-30T13:06:30","modified_gmt":"2023-06-30T13:06:30","slug":"fuentes-encabezo-la-apertura-del-festival-de-litaratura-filba","status":"publish","type":"post","link":"https:\/\/elterritorialweb.com.ar\/web\/fuentes-encabezo-la-apertura-del-festival-de-litaratura-filba\/","title":{"rendered":"FUENTES ENCABEZ\u00d3 LA APERTURA DEL FESTIVAL DE LITARATURA FILBA"},"content":{"rendered":"\n<p>Durante, la presentaci\u00f3n, la intendente Fuentes destac\u00f3 el trabajo del \u00e1rea de Cultura municipal y de la fundaci\u00f3n, por hacer posible esta tercera edici\u00f3n que se lleva a cabo en el marco de un a\u00f1o especial, donde se conmemoran 40 a\u00f1os de democracia en el pa\u00eds y donde se destaca la independencia de la palabra y que permite a todos expresarse.<\/p>\n\n\n\n<p>De la presentaci\u00f3n, tambi\u00e9n participaron el secretario de Cultura de la Provincia, Juan Leguizam\u00f3n; el Presidente del Concejo Deliberante, Humberto Santill\u00e1n; adem\u00e1s de secretarios, subsecretarios y funcionarios del gabinete municipal.<\/p>\n\n\n\n<p>La jefa comunal remarc\u00f3 tambi\u00e9n que \u201cSantiago est\u00e1 cumpliendo en pocos d\u00edas, un nuevo aniversario de su fundaci\u00f3n,&nbsp; y entendemos que en esa creaci\u00f3n hubo muchas situaciones de aprendizaje, por eso, creemos que el camino de la apropiaci\u00f3n y el empoderamiento que llevamos adelante los santiague\u00f1os, es un camino sin regreso\u201d.<\/p>\n\n\n\n<p>La Ing. Fuentes subray\u00f3 que \u201cla cultura nos iguala, pero sobre todo permite hacer conocer las inquietudes, a talentos j\u00f3venes que hay en Santiago del Estero y a los cuales queremos dar la oportunidad,&nbsp; que puedan escuchar y que tambi\u00e9n puedan ser escuchados\u201d.<\/p>\n\n\n\n<p>Por su parte, Braun en representaci\u00f3n de FILBA agradeci\u00f3 a la intendente Fuentes por permitir que la literatura nuevamente salga de Buenos Aires y llegue a Santiago del Estero. \u201cAnhelamos que en un tiempo Santiago pueda apropiarse del espacio y nosotros solo colaboremos\u201d, se\u00f1al\u00f3.<\/p>\n\n\n\n<p>Sostuvo que durante estos d\u00edas, los santiague\u00f1os y turistas podr\u00e1n participar y disfrutar de clases abiertas, talleres, lecturas, conversaciones, tapas de libros, m\u00fasica y poes\u00eda.<\/p>\n","protected":false},"excerpt":{"rendered":"<p>La intendente Ing. Norma Fuentes y el presidente de FILBA Fundaci\u00f3n, Pablo Braun,  realizaron desde el patio central de la Municipalidad de la Capital y ante una importante presencia de asistentes,  la apertura oficial del 3\u00ba Festival de Literatura FILBA 2023 Santiago del Estero, que se desarrollar\u00e1 hasta el s\u00e1bado 1 de julio.<\/p>\n","protected":false},"author":2,"featured_media":54892,"comment_status":"open","ping_status":"open","sticky":false,"template":"","format":"standard","meta":{"om_disable_all_campaigns":false,"_monsterinsights_skip_tracking":false,"_monsterinsights_sitenote_active":false,"_monsterinsights_sitenote_note":"","_monsterinsights_sitenote_category":0,"_uf_show_specific_survey":0,"_uf_disable_surveys":false,"jetpack_post_was_ever_published":false,"_jetpack_newsletter_access":"","_jetpack_dont_email_post_to_subs":false,"_jetpack_newsletter_tier_id":0,"_jetpack_memberships_contains_paywalled_content":false,"_jetpack_memberships_contains_paid_content":false,"footnotes":"","jetpack_publicize_message":"","jetpack_publicize_feature_enabled":true,"jetpack_social_post_already_shared":true,"jetpack_social_options":{"image_generator_settings":{"template":"highway","default_image_id":0,"font":"","enabled":false},"version":2}},"categories":[21],"tags":[73,116],"class_list":["post-54891","post","type-post","status-publish","format-standard","has-post-thumbnail","hentry","category-locales","tag-municipalidad-de-la-capital","tag-norma-fuentes"],"aioseo_notices":[],"views":14,"jetpack_publicize_connections":[],"jetpack_featured_media_url":"https:\/\/i0.wp.com\/elterritorialweb.com.ar\/web\/wp-content\/uploads\/2023\/06\/filba-fuentes-muni.jpeg?fit=1600%2C1067&ssl=1","jetpack_sharing_enabled":true,"_links":{"self":[{"href":"https:\/\/elterritorialweb.com.ar\/web\/wp-json\/wp\/v2\/posts\/54891","targetHints":{"allow":["GET"]}}],"collection":[{"href":"https:\/\/elterritorialweb.com.ar\/web\/wp-json\/wp\/v2\/posts"}],"about":[{"href":"https:\/\/elterritorialweb.com.ar\/web\/wp-json\/wp\/v2\/types\/post"}],"author":[{"embeddable":true,"href":"https:\/\/elterritorialweb.com.ar\/web\/wp-json\/wp\/v2\/users\/2"}],"replies":[{"embeddable":true,"href":"https:\/\/elterritorialweb.com.ar\/web\/wp-json\/wp\/v2\/comments?post=54891"}],"version-history":[{"count":1,"href":"https:\/\/elterritorialweb.com.ar\/web\/wp-json\/wp\/v2\/posts\/54891\/revisions"}],"predecessor-version":[{"id":54893,"href":"https:\/\/elterritorialweb.com.ar\/web\/wp-json\/wp\/v2\/posts\/54891\/revisions\/54893"}],"wp:featuredmedia":[{"embeddable":true,"href":"https:\/\/elterritorialweb.com.ar\/web\/wp-json\/wp\/v2\/media\/54892"}],"wp:attachment":[{"href":"https:\/\/elterritorialweb.com.ar\/web\/wp-json\/wp\/v2\/media?parent=54891"}],"wp:term":[{"taxonomy":"category","embeddable":true,"href":"https:\/\/elterritorialweb.com.ar\/web\/wp-json\/wp\/v2\/categories?post=54891"},{"taxonomy":"post_tag","embeddable":true,"href":"https:\/\/elterritorialweb.com.ar\/web\/wp-json\/wp\/v2\/tags?post=54891"}],"curies":[{"name":"wp","href":"https:\/\/api.w.org\/{rel}","templated":true}]}}