{"id":54894,"date":"2023-06-30T13:13:13","date_gmt":"2023-06-30T13:13:13","guid":{"rendered":"http:\/\/elterritorialweb.com.ar\/web\/?p=54894"},"modified":"2023-06-30T13:16:53","modified_gmt":"2023-06-30T13:16:53","slug":"programa-y-lugares-donde-se-realizara-este-viernes-el-festival-de-literatura","status":"publish","type":"post","link":"https:\/\/elterritorialweb.com.ar\/web\/programa-y-lugares-donde-se-realizara-este-viernes-el-festival-de-literatura\/","title":{"rendered":"PROGRAMA Y LUGARES DONDE SE REALIZAR\u00c1 ESTE VIERNES EL FESTIVAL DE LITERATURA"},"content":{"rendered":"\n<p>A partir de las 10.00 de la ma\u00f1ana habr\u00e1 talleres de ilustraci\u00f3n y de narrativa. Desde las 15.00 habr\u00e1 otro taller de arte y lectura. A partir de las 18.30, se realizar\u00e1 el panel Contra El Olvido con la participaci\u00f3n de Diego Albarrac\u00edn, Liliana Massara y Pablo De Santis, con la moderaci\u00f3n de Ignacio Ratier.<\/p>\n\n\n\n<p>En tanto, a las 20, comenzar\u00e1 otro panel sobre lecturas denominado Cuatro D\u00e9cadas, Cuatro Miradas con Leticia Auatt, Lucas Tejerina, Pablo Donzelli y Soledad De Le\u00f3n. A las 21.30, en la librer\u00eda Utop\u00eda Libros<strong>, <\/strong>habr\u00e1 un ciclo de lecturas la Noche de Poes\u00eda con Andr\u00e9s Torres Acu\u00f1a, Caludia Masin, Daniela Rafael, Francisco Zamora, Lucas Tejerina, Mat\u00edas Tejeda y Valentina Qui\u00f1ones, con la moderaci\u00f3n de F\u00e9lix Demasi.<\/p>\n","protected":false},"excerpt":{"rendered":"<p>El Festival de Literatura FILBA Santiago del Estero se desarrollar\u00e1 durante la jornada de este viernes en la Casa Arga\u00f1araz Alcorta, con el auspicio de la Municipalidad de la Capital.<\/p>\n","protected":false},"author":2,"featured_media":54895,"comment_status":"open","ping_status":"open","sticky":false,"template":"","format":"standard","meta":{"om_disable_all_campaigns":false,"_monsterinsights_skip_tracking":false,"_monsterinsights_sitenote_active":false,"_monsterinsights_sitenote_note":"","_monsterinsights_sitenote_category":0,"_uf_show_specific_survey":0,"_uf_disable_surveys":false,"jetpack_post_was_ever_published":false,"_jetpack_newsletter_access":"","_jetpack_dont_email_post_to_subs":false,"_jetpack_newsletter_tier_id":0,"_jetpack_memberships_contains_paywalled_content":false,"_jetpack_memberships_contains_paid_content":false,"footnotes":"","jetpack_publicize_message":"","jetpack_publicize_feature_enabled":true,"jetpack_social_post_already_shared":true,"jetpack_social_options":{"image_generator_settings":{"template":"highway","default_image_id":0,"font":"","enabled":false},"version":2}},"categories":[4,21],"tags":[73],"class_list":["post-54894","post","type-post","status-publish","format-standard","has-post-thumbnail","hentry","category-destacadas","category-locales","tag-municipalidad-de-la-capital"],"aioseo_notices":[],"views":11,"jetpack_publicize_connections":[],"jetpack_featured_media_url":"https:\/\/i0.wp.com\/elterritorialweb.com.ar\/web\/wp-content\/uploads\/2023\/06\/FILBA-1.jpg?fit=1500%2C610&ssl=1","jetpack_sharing_enabled":true,"_links":{"self":[{"href":"https:\/\/elterritorialweb.com.ar\/web\/wp-json\/wp\/v2\/posts\/54894","targetHints":{"allow":["GET"]}}],"collection":[{"href":"https:\/\/elterritorialweb.com.ar\/web\/wp-json\/wp\/v2\/posts"}],"about":[{"href":"https:\/\/elterritorialweb.com.ar\/web\/wp-json\/wp\/v2\/types\/post"}],"author":[{"embeddable":true,"href":"https:\/\/elterritorialweb.com.ar\/web\/wp-json\/wp\/v2\/users\/2"}],"replies":[{"embeddable":true,"href":"https:\/\/elterritorialweb.com.ar\/web\/wp-json\/wp\/v2\/comments?post=54894"}],"version-history":[{"count":1,"href":"https:\/\/elterritorialweb.com.ar\/web\/wp-json\/wp\/v2\/posts\/54894\/revisions"}],"predecessor-version":[{"id":54896,"href":"https:\/\/elterritorialweb.com.ar\/web\/wp-json\/wp\/v2\/posts\/54894\/revisions\/54896"}],"wp:featuredmedia":[{"embeddable":true,"href":"https:\/\/elterritorialweb.com.ar\/web\/wp-json\/wp\/v2\/media\/54895"}],"wp:attachment":[{"href":"https:\/\/elterritorialweb.com.ar\/web\/wp-json\/wp\/v2\/media?parent=54894"}],"wp:term":[{"taxonomy":"category","embeddable":true,"href":"https:\/\/elterritorialweb.com.ar\/web\/wp-json\/wp\/v2\/categories?post=54894"},{"taxonomy":"post_tag","embeddable":true,"href":"https:\/\/elterritorialweb.com.ar\/web\/wp-json\/wp\/v2\/tags?post=54894"}],"curies":[{"name":"wp","href":"https:\/\/api.w.org\/{rel}","templated":true}]}}