{"id":54897,"date":"2023-06-30T13:21:21","date_gmt":"2023-06-30T13:21:21","guid":{"rendered":"http:\/\/elterritorialweb.com.ar\/web\/?p=54897"},"modified":"2023-06-30T13:27:09","modified_gmt":"2023-06-30T13:27:09","slug":"el-cine-renzi-presenta-tres-documentales-sobre-discapacidad","status":"publish","type":"post","link":"https:\/\/elterritorialweb.com.ar\/web\/el-cine-renzi-presenta-tres-documentales-sobre-discapacidad\/","title":{"rendered":"EL CINE RENZI PRESENTA TRES DOCUMENTALES SOBRE DISCAPACIDAD"},"content":{"rendered":"\n<p>\u201cOcho cuentos sobre mi hipoacusia\u201d es un documental, autobiogr\u00e1fico y coral, que narra la historia de la propia directora y guionista que es Charo Mato, y tambi\u00e9n suma los testimonios de otras personas con hipoacusia y, por \u00faltimo, las reflexiones de sus familias. Podr\u00e1 verse los d\u00edas jueves, domingo y mi\u00e9rcoles.<br>\u201cDown para arriba\u201d es una pel\u00edcula documental filmada en colores dirigida por Gustavo Garz\u00f3n sobre su propio guion escrito en colaboraci\u00f3n con Tamara Garz\u00f3n que se estren\u00f3 el 14 de marzo de 2019. El filme cuenta la experiencia de una escuela de teatro para afectados por el s\u00edndrome de Down y fue exhibido en festivales en competencia en Valladolid, Espa\u00f1a y Piri\u00e1polis. \u201cLa voz en off de Garz\u00f3n ilustrada con im\u00e1genes de archivo de los chicos narra que la primera dificultad para su crianza fue la comunicaci\u00f3n y c\u00f3mo despu\u00e9s de probar sin resultado distintos talleres para personas con capacidades diferentes conoci\u00f3 el grupo Sin drama de Down, dirigido por Juan Laso y pudo construir un puente a trav\u00e9s del teatro. La c\u00e1mara muestra sus alumnos en las clases -que incluyen yoga, relajaci\u00f3n y danzaterapia- y narra el proceso creativo de Laso y los participantes de sus talleres para montar una obra o filmar un cortometraje\u201d. Ser\u00e1 proyectada los d\u00edas viernes y lunes.<br>\u201cLos que no quieren ver\u201d, dirigida por Graciela De Luca y con guion de Fabio Zurita. Cuenta la historia de Natalia y Daniel quienes transitan su vida en una sociedad donde nadie los mira o pocos los quieren ver, una sociedad que no conoce sus deseos y necesidades. En la intimidad cotidiana nos muestran c\u00f3mo perciben el mundo, y cu\u00e1les son sus sue\u00f1os. La ceguera nunca fue un impedimento para ellos. De repente, un imprevisto cambiar\u00e1 todo, imponi\u00e9ndose y obstaculizando lo que la ceguera no pudo. Se proyectar\u00e1 los d\u00edas s\u00e1bado y martes.<\/p>\n","protected":false},"excerpt":{"rendered":"<p>El Cine Teatro Municipal Renzi, dependiente de la Secretar\u00eda de Comunicaci\u00f3n presenta tres documentales sobre la discapacidad como parte del Espacio Incaa desde el jueves 29 al mi\u00e9rcoles 5 de julio con funciones a las 19.30 y un costo de entrada de $200.<\/p>\n","protected":false},"author":2,"featured_media":54898,"comment_status":"open","ping_status":"open","sticky":false,"template":"","format":"standard","meta":{"om_disable_all_campaigns":false,"_monsterinsights_skip_tracking":false,"_monsterinsights_sitenote_active":false,"_monsterinsights_sitenote_note":"","_monsterinsights_sitenote_category":0,"_uf_show_specific_survey":0,"_uf_disable_surveys":false,"jetpack_post_was_ever_published":false,"_jetpack_newsletter_access":"","_jetpack_dont_email_post_to_subs":false,"_jetpack_newsletter_tier_id":0,"_jetpack_memberships_contains_paywalled_content":false,"_jetpack_memberships_contains_paid_content":false,"footnotes":"","jetpack_publicize_message":"","jetpack_publicize_feature_enabled":true,"jetpack_social_post_already_shared":true,"jetpack_social_options":{"image_generator_settings":{"template":"highway","default_image_id":0,"font":"","enabled":false},"version":2}},"categories":[9,4],"tags":[77,394],"class_list":["post-54897","post","type-post","status-publish","format-standard","has-post-thumbnail","hentry","category-banda","category-destacadas","tag-cine-renzi","tag-documentales"],"aioseo_notices":[],"views":10,"jetpack_publicize_connections":[],"jetpack_featured_media_url":"https:\/\/i0.wp.com\/elterritorialweb.com.ar\/web\/wp-content\/uploads\/2023\/06\/renzi-hipoacusia.jpg?fit=1639%2C922&ssl=1","jetpack_sharing_enabled":true,"_links":{"self":[{"href":"https:\/\/elterritorialweb.com.ar\/web\/wp-json\/wp\/v2\/posts\/54897","targetHints":{"allow":["GET"]}}],"collection":[{"href":"https:\/\/elterritorialweb.com.ar\/web\/wp-json\/wp\/v2\/posts"}],"about":[{"href":"https:\/\/elterritorialweb.com.ar\/web\/wp-json\/wp\/v2\/types\/post"}],"author":[{"embeddable":true,"href":"https:\/\/elterritorialweb.com.ar\/web\/wp-json\/wp\/v2\/users\/2"}],"replies":[{"embeddable":true,"href":"https:\/\/elterritorialweb.com.ar\/web\/wp-json\/wp\/v2\/comments?post=54897"}],"version-history":[{"count":1,"href":"https:\/\/elterritorialweb.com.ar\/web\/wp-json\/wp\/v2\/posts\/54897\/revisions"}],"predecessor-version":[{"id":54899,"href":"https:\/\/elterritorialweb.com.ar\/web\/wp-json\/wp\/v2\/posts\/54897\/revisions\/54899"}],"wp:featuredmedia":[{"embeddable":true,"href":"https:\/\/elterritorialweb.com.ar\/web\/wp-json\/wp\/v2\/media\/54898"}],"wp:attachment":[{"href":"https:\/\/elterritorialweb.com.ar\/web\/wp-json\/wp\/v2\/media?parent=54897"}],"wp:term":[{"taxonomy":"category","embeddable":true,"href":"https:\/\/elterritorialweb.com.ar\/web\/wp-json\/wp\/v2\/categories?post=54897"},{"taxonomy":"post_tag","embeddable":true,"href":"https:\/\/elterritorialweb.com.ar\/web\/wp-json\/wp\/v2\/tags?post=54897"}],"curies":[{"name":"wp","href":"https:\/\/api.w.org\/{rel}","templated":true}]}}