{"id":54900,"date":"2023-06-30T13:33:17","date_gmt":"2023-06-30T13:33:17","guid":{"rendered":"http:\/\/elterritorialweb.com.ar\/web\/?p=54900"},"modified":"2023-06-30T13:34:24","modified_gmt":"2023-06-30T13:34:24","slug":"silvina-luna-mostro-una-leve-mejoria-y-paso-su-primera-noche-sin-respirador","status":"publish","type":"post","link":"https:\/\/elterritorialweb.com.ar\/web\/silvina-luna-mostro-una-leve-mejoria-y-paso-su-primera-noche-sin-respirador\/","title":{"rendered":"SILVINA LUNA MOSTR\u00d3 UNA LEVE MEJOR\u00cdA Y PAS\u00d3 SU PRIMERA NOCHE SIN RESPIRADOR"},"content":{"rendered":"\n<p>Silvina Luna atraviesa horas clave luego de transitar la tercera semana de internaci\u00f3n en el Hospital Italiano. Afortunadamente,\u00a0<strong>tras haber sido extubada el jueves<\/strong>, mostr\u00f3 una leve mejor\u00eda y pas\u00f3 la primera noche sin respiraci\u00f3n asistida.<\/p>\n\n\n\n<p>Desde la familia pidieron total reserva hacia la prensa, por lo cual no se est\u00e1n emitiendo partes m\u00e9dicos de manera p\u00fablica. La informaci\u00f3n circula a cuentagotas, pero por lo que se pudo saber durante las \u00faltimas horas,\u00a0<strong>la modelo ped\u00eda agua, estaba consciente y pas\u00f3 su primera noche sin respirador.<\/strong><\/p>\n\n\n\n<p>La ex- Gran Hermano padece\u00a0<strong>la bacteria KPC<\/strong>, algo muy com\u00fan en las personas que son alojadas en unidades de cuidados intensivos y que\u00a0<strong>provoca sepsis acompa\u00f1ada de una infecci\u00f3n generalizada.<\/strong><\/p>\n\n\n\n<p>Hace tres semanas por lo menos que la actriz se encuentra internada presentando severos problemas renales, como consecuencia de la cirug\u00eda est\u00e9tica que le&nbsp;<strong>practic\u00f3 An\u00edbal Lotocki hace m\u00e1s de 10 a\u00f1os.<\/strong><\/p>\n","protected":false},"excerpt":{"rendered":"<p>Seg\u00fan las \u00faltimas informaciones, la modelo est\u00e1 consciente y respira por sus propios. Su estado de salud contin\u00faa siendo cr\u00edtico.<\/p>\n","protected":false},"author":2,"featured_media":54901,"comment_status":"open","ping_status":"open","sticky":false,"template":"","format":"standard","meta":{"om_disable_all_campaigns":false,"_monsterinsights_skip_tracking":false,"_monsterinsights_sitenote_active":false,"_monsterinsights_sitenote_note":"","_monsterinsights_sitenote_category":0,"_uf_show_specific_survey":0,"_uf_disable_surveys":false,"jetpack_post_was_ever_published":false,"_jetpack_newsletter_access":"","_jetpack_dont_email_post_to_subs":false,"_jetpack_newsletter_tier_id":0,"_jetpack_memberships_contains_paywalled_content":false,"_jetpack_memberships_contains_paid_content":false,"footnotes":"","jetpack_publicize_message":"","jetpack_publicize_feature_enabled":true,"jetpack_social_post_already_shared":true,"jetpack_social_options":{"image_generator_settings":{"template":"highway","default_image_id":0,"font":"","enabled":false},"version":2}},"categories":[4,20],"tags":[393],"class_list":["post-54900","post","type-post","status-publish","format-standard","has-post-thumbnail","hentry","category-destacadas","category-especysociales","tag-silvina-luna"],"aioseo_notices":[],"views":10,"jetpack_publicize_connections":[],"jetpack_featured_media_url":"https:\/\/i0.wp.com\/elterritorialweb.com.ar\/web\/wp-content\/uploads\/2023\/06\/SILVINA-LUNA.jpg?fit=1200%2C907&ssl=1","jetpack_sharing_enabled":true,"_links":{"self":[{"href":"https:\/\/elterritorialweb.com.ar\/web\/wp-json\/wp\/v2\/posts\/54900","targetHints":{"allow":["GET"]}}],"collection":[{"href":"https:\/\/elterritorialweb.com.ar\/web\/wp-json\/wp\/v2\/posts"}],"about":[{"href":"https:\/\/elterritorialweb.com.ar\/web\/wp-json\/wp\/v2\/types\/post"}],"author":[{"embeddable":true,"href":"https:\/\/elterritorialweb.com.ar\/web\/wp-json\/wp\/v2\/users\/2"}],"replies":[{"embeddable":true,"href":"https:\/\/elterritorialweb.com.ar\/web\/wp-json\/wp\/v2\/comments?post=54900"}],"version-history":[{"count":1,"href":"https:\/\/elterritorialweb.com.ar\/web\/wp-json\/wp\/v2\/posts\/54900\/revisions"}],"predecessor-version":[{"id":54902,"href":"https:\/\/elterritorialweb.com.ar\/web\/wp-json\/wp\/v2\/posts\/54900\/revisions\/54902"}],"wp:featuredmedia":[{"embeddable":true,"href":"https:\/\/elterritorialweb.com.ar\/web\/wp-json\/wp\/v2\/media\/54901"}],"wp:attachment":[{"href":"https:\/\/elterritorialweb.com.ar\/web\/wp-json\/wp\/v2\/media?parent=54900"}],"wp:term":[{"taxonomy":"category","embeddable":true,"href":"https:\/\/elterritorialweb.com.ar\/web\/wp-json\/wp\/v2\/categories?post=54900"},{"taxonomy":"post_tag","embeddable":true,"href":"https:\/\/elterritorialweb.com.ar\/web\/wp-json\/wp\/v2\/tags?post=54900"}],"curies":[{"name":"wp","href":"https:\/\/api.w.org\/{rel}","templated":true}]}}