{"id":54903,"date":"2023-07-01T01:05:30","date_gmt":"2023-07-01T01:05:30","guid":{"rendered":"http:\/\/elterritorialweb.com.ar\/web\/?p=54903"},"modified":"2023-07-01T01:40:45","modified_gmt":"2023-07-01T01:40:45","slug":"la-region-norte-presento-el-1-foro-regional-de-turismo-en-el-cck","status":"publish","type":"post","link":"https:\/\/elterritorialweb.com.ar\/web\/la-region-norte-presento-el-1-foro-regional-de-turismo-en-el-cck\/","title":{"rendered":"LA REGI\u00d3N NORTE PRESENT\u00d3 EL 1\u00b0 FORO REGIONAL DE TURISMO EN EL CCK"},"content":{"rendered":"\n<p>Los ministros de la regi\u00f3n llevaron adelante una reuni\u00f3n, d\u00f3nde el tema principal fue el Foro Regional del Norte que tendr\u00e1 lugar el pr\u00f3ximo 5 de septiembre en el Centro de Convenciones de Salta.<\/p>\n\n\n\n<p>Encabez\u00f3 el encuentro, el presidente de la regi\u00f3n Norte, funcionario de Turismo de Santiago del Estero, Prof. Nelson Bravo, acompa\u00f1ado por los ministros de Salta, Mario Pe\u00f1a, de Tucum\u00e1n Sebasti\u00e1n Giobellina, de La Rioja, Gustavo Luna y de Catamarca Roberto Brunello, donde abordaron los siguientes temas: Presentaci\u00f3n del Foro Regional del Norte, previsto para el mes de septiembre en Salta, en ese marco se present\u00f3 la web del Foro que pronto ser\u00e1 lanzada para las inscripciones.<\/p>\n\n\n\n<p>En este sentido, Nelson Bravo, destac\u00f3 el \u00abtrabajo de la regi\u00f3n en acciones concretas para el crecimiento de la misma y la importancia de estas reuniones, donde se prioriza el trabajo en conjunto entre las provincias norte\u00f1as, al mismo tiempo de seguir la l\u00ednea de trabajo propuesta por los gobernadores de las mencionadas provincias, en el Norte Grande\u00bb. \u00abSantiago del Estero, de la mano del Gobernador Gerardo Zamora, el turismo es considerado una pata fundamental en la pol\u00edtica de Estado del gobierno, posicionando a la provincia en lo alto, y a la vez de potenciar el trabajo con la Regi\u00f3n Norte.<\/p>\n","protected":false},"excerpt":{"rendered":"<p>Los ministros de Turismo de Salta, Santiago del Estero, Tucum\u00e1n, Catamarca y La Rioja presentaron el 1\u00b0 Foro Regional de Turismo en el Centro Cultural Kirchner, en el marco del lanzamiento de la termporada tur\u00edstica invernal 2023.<\/p>\n","protected":false},"author":2,"featured_media":54904,"comment_status":"open","ping_status":"open","sticky":false,"template":"","format":"standard","meta":{"om_disable_all_campaigns":false,"_monsterinsights_skip_tracking":false,"_monsterinsights_sitenote_active":false,"_monsterinsights_sitenote_note":"","_monsterinsights_sitenote_category":0,"_uf_show_specific_survey":0,"_uf_disable_surveys":false,"jetpack_post_was_ever_published":false,"_jetpack_newsletter_access":"","_jetpack_dont_email_post_to_subs":false,"_jetpack_newsletter_tier_id":0,"_jetpack_memberships_contains_paywalled_content":false,"_jetpack_memberships_contains_paid_content":false,"footnotes":"","jetpack_publicize_message":"","jetpack_publicize_feature_enabled":true,"jetpack_social_post_already_shared":true,"jetpack_social_options":{"image_generator_settings":{"template":"highway","default_image_id":0,"font":"","enabled":false},"version":2}},"categories":[29],"tags":[49,189,56],"class_list":["post-54903","post","type-post","status-publish","format-standard","has-post-thumbnail","hentry","category-turismo","tag-gobierno-de-santiago-del-estero","tag-nelson-bravo","tag-turismo"],"aioseo_notices":[],"views":12,"jetpack_publicize_connections":[],"jetpack_featured_media_url":"https:\/\/i0.wp.com\/elterritorialweb.com.ar\/web\/wp-content\/uploads\/2023\/07\/turismo.jpg?fit=720%2C540&ssl=1","jetpack_sharing_enabled":true,"_links":{"self":[{"href":"https:\/\/elterritorialweb.com.ar\/web\/wp-json\/wp\/v2\/posts\/54903","targetHints":{"allow":["GET"]}}],"collection":[{"href":"https:\/\/elterritorialweb.com.ar\/web\/wp-json\/wp\/v2\/posts"}],"about":[{"href":"https:\/\/elterritorialweb.com.ar\/web\/wp-json\/wp\/v2\/types\/post"}],"author":[{"embeddable":true,"href":"https:\/\/elterritorialweb.com.ar\/web\/wp-json\/wp\/v2\/users\/2"}],"replies":[{"embeddable":true,"href":"https:\/\/elterritorialweb.com.ar\/web\/wp-json\/wp\/v2\/comments?post=54903"}],"version-history":[{"count":1,"href":"https:\/\/elterritorialweb.com.ar\/web\/wp-json\/wp\/v2\/posts\/54903\/revisions"}],"predecessor-version":[{"id":54905,"href":"https:\/\/elterritorialweb.com.ar\/web\/wp-json\/wp\/v2\/posts\/54903\/revisions\/54905"}],"wp:featuredmedia":[{"embeddable":true,"href":"https:\/\/elterritorialweb.com.ar\/web\/wp-json\/wp\/v2\/media\/54904"}],"wp:attachment":[{"href":"https:\/\/elterritorialweb.com.ar\/web\/wp-json\/wp\/v2\/media?parent=54903"}],"wp:term":[{"taxonomy":"category","embeddable":true,"href":"https:\/\/elterritorialweb.com.ar\/web\/wp-json\/wp\/v2\/categories?post=54903"},{"taxonomy":"post_tag","embeddable":true,"href":"https:\/\/elterritorialweb.com.ar\/web\/wp-json\/wp\/v2\/tags?post=54903"}],"curies":[{"name":"wp","href":"https:\/\/api.w.org\/{rel}","templated":true}]}}