{"id":54906,"date":"2023-07-01T01:45:30","date_gmt":"2023-07-01T01:45:30","guid":{"rendered":"http:\/\/elterritorialweb.com.ar\/web\/?p=54906"},"modified":"2023-07-01T01:46:52","modified_gmt":"2023-07-01T01:46:52","slug":"el-municipio-de-la-banda-presento-su-modelo-de-gestion-comunicacional-en-un-congreso-nacional","status":"publish","type":"post","link":"https:\/\/elterritorialweb.com.ar\/web\/el-municipio-de-la-banda-presento-su-modelo-de-gestion-comunicacional-en-un-congreso-nacional\/","title":{"rendered":"EL MUNICIPIO DE LA BANDA PRESENT\u00d3 SU MODELO DE GESTI\u00d3N COMUNICACIONAL EN UN CONGRESO NACIONAL"},"content":{"rendered":"\n<p>Este importante encuentro fue organizado por Anagrama y la Asociaci\u00f3n Civil Convergencia y cont\u00f3 con el auspicio del Ministerio de Turismo y Deportes de la Naci\u00f3n, la Jefatura de Gabinete de ministros del Gobierno de Santiago del Estero, la Subsecretar\u00eda de Turismo de la provincia, la Municipalidad de La Banda y Cidec Argentina. Dicho congreso fue declarado de inter\u00e9s por el Honorable Concejo Deliberante de la ciudad de La Banda.<br>La secretaria de Comunicaci\u00f3n realiz\u00f3 una exposici\u00f3n sobre \u00abComunicaci\u00f3n Municipal y las Estrategias Comunicacionales del \u00d3rgano Ejecutivo Municipal\u00bb, tomando como ejemplo el modelo de gesti\u00f3n comunicacional que implementa la comuna bande\u00f1a.<br>Luego de su exposici\u00f3n, la Licenciada Fernanda Raschi, destac\u00f3: \u00abHoy estamos aqu\u00ed convocados para hablar especialmente sobre la comunicaci\u00f3n gubernamental y municipal. En mi caso, me toca hablar acerca de las experiencias en materia de comunicaci\u00f3n y la evoluci\u00f3n que hemos tenido en el municipio de la ciudad de La Banda en materia de gesti\u00f3n comunicacional\u201d.<br>\u201cEs un orgullo participar en este encuentro y espero que sirva para convocarnos a todos para conversar acerca de los procesos comunicacionales y poder escuchar a los disertantes que provienen de diferentes provincias y pa\u00edses\u201d.<br>Agreg\u00f3: \u201cEs el momento de escuchar todas esas experiencias e intercambiar las nuestras. Esta es una formaci\u00f3n muy importante para todos los que hacemos comunicaci\u00f3n, sean profesionales o no, se dediquen o est\u00e9n trabajando eventualmente en comunicaci\u00f3n\u201d.<br>\u201cAgradezco a los organizadores del evento por haberme convocado, es una movida muy importante organizar un encuentro con estas caracter\u00edsticas, con gente de otras provincias, nos deja muchas ense\u00f1anzas\u00bb.<br>A\u00f1adi\u00f3: \u00abBasados en el modelo de Gobierno Abierto hemos tratado de implementar un modelo de comunicaci\u00f3n que tiene que ver con la retroalimentaci\u00f3n permanente con el vecino. Deconstruir el viejo modelo direccional de comunicaci\u00f3n donde hab\u00eda un emisor y un receptor, y en este sentido agregar estos complementos que tienen que ver con escuchar al vecino, armar proyectos en conjunto, que haya una retroalimentaci\u00f3n constante, entender que vivimos momentos de crisis y momentos en que la planificaci\u00f3n en comunicaci\u00f3n es importante y como pol\u00edtica de gesti\u00f3n mucho m\u00e1s\u201d.<br>\u201cEntendiendo que la comunicaci\u00f3n es una inversi\u00f3n y que muchos de los problemas que ocurren en las organizaciones, tanto a nivel interno como externo, tienen que ver con el hecho de no trabajar, pensar y planificar la comunicaci\u00f3n\u201d.<\/p>\n\n\n\n<figure class=\"wp-block-image size-large\"><a href=\"https:\/\/i0.wp.com\/elterritorialweb.com.ar\/web\/wp-content\/uploads\/2023\/07\/WhatsApp-Image-2023-06-30-at-13.11.32-1-1.jpeg\"><img data-recalc-dims=\"1\" decoding=\"async\" width=\"640\" height=\"439\" data-src=\"https:\/\/i0.wp.com\/elterritorialweb.com.ar\/web\/wp-content\/uploads\/2023\/07\/WhatsApp-Image-2023-06-30-at-13.11.32-1-1.jpeg?resize=640%2C439\" alt=\"\" class=\"wp-image-54908 lazyload\" data-srcset=\"https:\/\/i0.wp.com\/elterritorialweb.com.ar\/web\/wp-content\/uploads\/2023\/07\/WhatsApp-Image-2023-06-30-at-13.11.32-1-1.jpeg?resize=1024%2C702&amp;ssl=1 1024w, https:\/\/i0.wp.com\/elterritorialweb.com.ar\/web\/wp-content\/uploads\/2023\/07\/WhatsApp-Image-2023-06-30-at-13.11.32-1-1.jpeg?resize=300%2C206&amp;ssl=1 300w, https:\/\/i0.wp.com\/elterritorialweb.com.ar\/web\/wp-content\/uploads\/2023\/07\/WhatsApp-Image-2023-06-30-at-13.11.32-1-1.jpeg?resize=768%2C527&amp;ssl=1 768w, https:\/\/i0.wp.com\/elterritorialweb.com.ar\/web\/wp-content\/uploads\/2023\/07\/WhatsApp-Image-2023-06-30-at-13.11.32-1-1.jpeg?w=1280&amp;ssl=1 1280w\" data-sizes=\"(max-width: 640px) 100vw, 640px\" src=\"data:image\/svg+xml;base64,PHN2ZyB3aWR0aD0iMSIgaGVpZ2h0PSIxIiB4bWxucz0iaHR0cDovL3d3dy53My5vcmcvMjAwMC9zdmciPjwvc3ZnPg==\" style=\"--smush-placeholder-width: 640px; --smush-placeholder-aspect-ratio: 640\/439;\" \/><\/a><\/figure>\n\n\n\n<p>\u201cDesde el municipio de la ciudad de La Banda, la gesti\u00f3n del intendente Roger Nediani nos apoya en todas nuestras iniciativas, por ejemplo, hace poco estuvimos inaugurando la Radio Municipal y tenemos muchos proyectos por delante, como la implementaci\u00f3n de nuevas tecnolog\u00edas para seguir mejorando la comunicaci\u00f3n municipal. Todo esto lo trabajaremos en permanente contacto con el vecino ya que es lo m\u00e1s importante, porque si no escuchamos a los vecinos no sabremos sus necesidades y no podremos construir un diagn\u00f3stico permanente que lo necesita todo el organismo municipal\u00bb, finaliz\u00f3 Raschi.<br>Por su parte, Liliana Bobba, en representaci\u00f3n de la organizaci\u00f3n del congreso nacional explic\u00f3: \u00abLa primera jornada del Congreso Nacional de Comunicaci\u00f3n, Relaciones P\u00fablicas y Marketing tuvo una importante convocatoria, tanto con los disertantes que fueron invitados como los asistentes\u201d.<br>\u201cPara nosotros es un orgullo contar con disertantes de diferentes provincias, sobre todo en esto que es el \u00e1mbito de la comunicaci\u00f3n, las relaciones p\u00fablicas y el marketing. Si bien siempre hacemos hincapi\u00e9 en el Ceremonial y el Protocolo en nuestros congresos, este a\u00f1o decidimos innovar y ver qu\u00e9 resultados pod\u00edamos tener con un congreso nacional sobre comunicaci\u00f3n, relaciones p\u00fablicas y marketing\u00bb.<br>Agreg\u00f3: \u00abEn estos momentos se encuentran participando gente del interior provincial y de provincias como Catamarca, Tucum\u00e1n, C\u00f3rdoba, Salta y Entre R\u00edos, superando nuestras expectativas\u201d.<br>\u201cLa primera jornada tuvo como eje central la comunicaci\u00f3n pol\u00edtica y las relaciones p\u00fablicas y la segunda jornada tendr\u00e1 como eje central el marketing y la comunicaci\u00f3n. Ojal\u00e1 que esta propuesta les sirva a los participantes y agradecer a todos los organismos que colaboraron como la Municipalidad de La Banda, el Gobierno de la Provincia y las instituciones educativas como la UCSE\u00bb.<br>Por \u00faltimo, la directora de la carrera de Comunicaci\u00f3n Social de la Universidad Cat\u00f3lica de Santiago del Estero (UCSE), Jesica Escalada, se\u00f1al\u00f3: \u00abHoy estamos participando y acompa\u00f1ando el desarrollo del Congreso Nacional de Comunicaci\u00f3n, Relaciones P\u00fablicas y Marketing, ya que brindamos el auspicio acad\u00e9mico desde la Facultad de Innovaci\u00f3n y Desarrollo\u201d.<br>\u201cEste encuentro tiene una relevancia muy importante por eso nuestro apoyo acad\u00e9mico porque permite a todos los participantes seguir form\u00e1ndonos en este aspecto y brindar una apertura a los dem\u00e1s\u00bb, finaliz\u00f3 Escalada.<br>Otros conferencistas invitados fueron Cristian Baquero Lazcano, quien disert\u00f3 sobre \u00abRelaciones P\u00fablicas y la Marca Pa\u00eds\u00bb; Mariano Escobar, acerca del \u00abImpacto de las Relaciones P\u00fablicas en la Sociedad 3.0\u00bb; Macarena Volpe habl\u00f3 sobre \u00abMarketing Digital de cero a cien\u00bb; Rolando Muzzin que hizo lo propio con \u00abEstrategias digitales para campa\u00f1as exitosas\u00bb y Emanuel Morello, abord\u00f3 el t\u00f3pico de \u00abLa narrativa pol\u00edtica y las redes sociales\u00bb.<\/p>\n","protected":false},"excerpt":{"rendered":"<p>La Secretaria de Comunicaci\u00f3n de la Municipalidad de La Banda, Fernanda Raschi, particip\u00f3 como disertante en la primera jornada del Congreso Nacional de Comunicaci\u00f3n, Relaciones P\u00fablicas y Marketing que se realiz\u00f3 en el Nodo Tecnol\u00f3gico.<\/p>\n","protected":false},"author":2,"featured_media":54909,"comment_status":"open","ping_status":"open","sticky":false,"template":"","format":"standard","meta":{"om_disable_all_campaigns":false,"_monsterinsights_skip_tracking":false,"_monsterinsights_sitenote_active":false,"_monsterinsights_sitenote_note":"","_monsterinsights_sitenote_category":0,"_uf_show_specific_survey":0,"_uf_disable_surveys":false,"jetpack_post_was_ever_published":false,"_jetpack_newsletter_access":"","_jetpack_dont_email_post_to_subs":false,"_jetpack_newsletter_tier_id":0,"_jetpack_memberships_contains_paywalled_content":false,"_jetpack_memberships_contains_paid_content":false,"footnotes":"","jetpack_publicize_message":"","jetpack_publicize_feature_enabled":true,"jetpack_social_post_already_shared":true,"jetpack_social_options":{"image_generator_settings":{"template":"highway","default_image_id":0,"font":"","enabled":false},"version":2}},"categories":[9],"tags":[395,71],"class_list":["post-54906","post","type-post","status-publish","format-standard","has-post-thumbnail","hentry","category-banda","tag-fernanda-raschi","tag-municipalidad-de-la-banda"],"aioseo_notices":[],"views":9,"jetpack_publicize_connections":[],"jetpack_featured_media_url":"https:\/\/i0.wp.com\/elterritorialweb.com.ar\/web\/wp-content\/uploads\/2023\/07\/WhatsApp-Image-2023-06-30-at-13.11.32.jpeg?fit=1155%2C1021&ssl=1","jetpack_sharing_enabled":true,"_links":{"self":[{"href":"https:\/\/elterritorialweb.com.ar\/web\/wp-json\/wp\/v2\/posts\/54906","targetHints":{"allow":["GET"]}}],"collection":[{"href":"https:\/\/elterritorialweb.com.ar\/web\/wp-json\/wp\/v2\/posts"}],"about":[{"href":"https:\/\/elterritorialweb.com.ar\/web\/wp-json\/wp\/v2\/types\/post"}],"author":[{"embeddable":true,"href":"https:\/\/elterritorialweb.com.ar\/web\/wp-json\/wp\/v2\/users\/2"}],"replies":[{"embeddable":true,"href":"https:\/\/elterritorialweb.com.ar\/web\/wp-json\/wp\/v2\/comments?post=54906"}],"version-history":[{"count":1,"href":"https:\/\/elterritorialweb.com.ar\/web\/wp-json\/wp\/v2\/posts\/54906\/revisions"}],"predecessor-version":[{"id":54910,"href":"https:\/\/elterritorialweb.com.ar\/web\/wp-json\/wp\/v2\/posts\/54906\/revisions\/54910"}],"wp:featuredmedia":[{"embeddable":true,"href":"https:\/\/elterritorialweb.com.ar\/web\/wp-json\/wp\/v2\/media\/54909"}],"wp:attachment":[{"href":"https:\/\/elterritorialweb.com.ar\/web\/wp-json\/wp\/v2\/media?parent=54906"}],"wp:term":[{"taxonomy":"category","embeddable":true,"href":"https:\/\/elterritorialweb.com.ar\/web\/wp-json\/wp\/v2\/categories?post=54906"},{"taxonomy":"post_tag","embeddable":true,"href":"https:\/\/elterritorialweb.com.ar\/web\/wp-json\/wp\/v2\/tags?post=54906"}],"curies":[{"name":"wp","href":"https:\/\/api.w.org\/{rel}","templated":true}]}}