{"id":54914,"date":"2023-07-01T01:56:02","date_gmt":"2023-07-01T01:56:02","guid":{"rendered":"http:\/\/elterritorialweb.com.ar\/web\/?p=54914"},"modified":"2023-07-01T01:56:31","modified_gmt":"2023-07-01T01:56:31","slug":"este-sabado-dara-inicio-la-celebracion-por-los-470-aniversario-de-la-ciudad","status":"publish","type":"post","link":"https:\/\/elterritorialweb.com.ar\/web\/este-sabado-dara-inicio-la-celebracion-por-los-470-aniversario-de-la-ciudad\/","title":{"rendered":"ESTE S\u00c1BADO DAR\u00c1 INICIO A LA CELEBRACI\u00d3N POR LOS 470\u00b0 ANIVERSARIO DE LA CIUDAD"},"content":{"rendered":"\n<p>En este espect\u00e1culo se recrear\u00e1 el arribo de la figura mitol\u00f3gica de una de las leyendas tradicionales de Santiago del Estero que representa la protectora del agua, buscando transmitir mediante danzas y representaciones teatrales un mensaje de cuidado del medio ambiente y conservaci\u00f3n de nuestros recursos naturales.<\/p>\n\n\n\n<p>Las actividades se extender\u00e1n a lo largo de julio con propuestas para todas las edades en diferentes lugares de la ciudad.<\/p>\n\n\n\n<p>Todas las expresiones art\u00edsticas, culturales, gastron\u00f3micas y deportivas, se concretar\u00e1n en un trabajo conjunto entre el municipio y las \u00e1reas de Cultura y Turismo de la provincia, con el objetivo de mostrar las tradiciones santiague\u00f1as, espacios de entretenimiento y recreaci\u00f3n y de dinamizar la econom\u00eda local.<\/p>\n","protected":false},"excerpt":{"rendered":"<p>La Municipalidad de la Capital comienza el mes aniversario de la ciudad de Santiago del Estero, este s\u00e1bado 1 de julio, con diversas propuestas culturales libres y gratuitas, para vecinos y turistas que, podr\u00e1n disfrutar desde las 11 del despliegue de ballets folcl\u00f3ricos y la presencia de 120 bailarines en Plaza Libertad y a las 18 en la Costanera del Dulce, con la recreaci\u00f3n de la leyenda de la Mayu Maman con m\u00e1s de 40 artistas en escena.<\/p>\n","protected":false},"author":2,"featured_media":54915,"comment_status":"open","ping_status":"open","sticky":false,"template":"","format":"standard","meta":{"om_disable_all_campaigns":false,"_monsterinsights_skip_tracking":false,"_monsterinsights_sitenote_active":false,"_monsterinsights_sitenote_note":"","_monsterinsights_sitenote_category":0,"_uf_show_specific_survey":0,"_uf_disable_surveys":false,"jetpack_post_was_ever_published":false,"_jetpack_newsletter_access":"","_jetpack_dont_email_post_to_subs":false,"_jetpack_newsletter_tier_id":0,"_jetpack_memberships_contains_paywalled_content":false,"_jetpack_memberships_contains_paid_content":false,"footnotes":"","jetpack_publicize_message":"","jetpack_publicize_feature_enabled":true,"jetpack_social_post_already_shared":true,"jetpack_social_options":{"image_generator_settings":{"template":"highway","default_image_id":0,"font":"","enabled":false},"version":2}},"categories":[4,21],"tags":[384,73],"class_list":["post-54914","post","type-post","status-publish","format-standard","has-post-thumbnail","hentry","category-destacadas","category-locales","tag-470-aniversario-de-santiago-del-estero","tag-municipalidad-de-la-capital"],"aioseo_notices":[],"views":16,"jetpack_publicize_connections":[],"jetpack_featured_media_url":"https:\/\/i0.wp.com\/elterritorialweb.com.ar\/web\/wp-content\/uploads\/2023\/07\/apertura-julio.jpeg?fit=1280%2C688&ssl=1","jetpack_sharing_enabled":true,"_links":{"self":[{"href":"https:\/\/elterritorialweb.com.ar\/web\/wp-json\/wp\/v2\/posts\/54914","targetHints":{"allow":["GET"]}}],"collection":[{"href":"https:\/\/elterritorialweb.com.ar\/web\/wp-json\/wp\/v2\/posts"}],"about":[{"href":"https:\/\/elterritorialweb.com.ar\/web\/wp-json\/wp\/v2\/types\/post"}],"author":[{"embeddable":true,"href":"https:\/\/elterritorialweb.com.ar\/web\/wp-json\/wp\/v2\/users\/2"}],"replies":[{"embeddable":true,"href":"https:\/\/elterritorialweb.com.ar\/web\/wp-json\/wp\/v2\/comments?post=54914"}],"version-history":[{"count":2,"href":"https:\/\/elterritorialweb.com.ar\/web\/wp-json\/wp\/v2\/posts\/54914\/revisions"}],"predecessor-version":[{"id":54917,"href":"https:\/\/elterritorialweb.com.ar\/web\/wp-json\/wp\/v2\/posts\/54914\/revisions\/54917"}],"wp:featuredmedia":[{"embeddable":true,"href":"https:\/\/elterritorialweb.com.ar\/web\/wp-json\/wp\/v2\/media\/54915"}],"wp:attachment":[{"href":"https:\/\/elterritorialweb.com.ar\/web\/wp-json\/wp\/v2\/media?parent=54914"}],"wp:term":[{"taxonomy":"category","embeddable":true,"href":"https:\/\/elterritorialweb.com.ar\/web\/wp-json\/wp\/v2\/categories?post=54914"},{"taxonomy":"post_tag","embeddable":true,"href":"https:\/\/elterritorialweb.com.ar\/web\/wp-json\/wp\/v2\/tags?post=54914"}],"curies":[{"name":"wp","href":"https:\/\/api.w.org\/{rel}","templated":true}]}}