{"id":54918,"date":"2023-07-01T02:03:07","date_gmt":"2023-07-01T02:03:07","guid":{"rendered":"http:\/\/elterritorialweb.com.ar\/web\/?p=54918"},"modified":"2023-07-01T02:04:24","modified_gmt":"2023-07-01T02:04:24","slug":"se-viene-la-tercera-edicion-de-la-media-maraton-la-ciudad-corre","status":"publish","type":"post","link":"https:\/\/elterritorialweb.com.ar\/web\/se-viene-la-tercera-edicion-de-la-media-maraton-la-ciudad-corre\/","title":{"rendered":"SE VIENE LA TERCERA EDICI\u00d3N DE LA MEDIA MARAT\u00d3N \u00abLA CIUDAD CORRE\u00bb"},"content":{"rendered":"\n<p>La presentaci\u00f3n estuvo a cargo del secretario de Gobierno de la Capital, Ing. N\u00e9stor Machado; el secretario de Deportes de la Provincia, Prof. Carlos Dapello y el director de UltraEventos SDE, Federico Vittar.<\/p>\n\n\n\n<p>El evento contar\u00e1 con dos tramos competitivos de 21 y 10 kil\u00f3metros respectivamente, en un circuito certificado por la World Atlhetics. Tambi\u00e9n habr\u00e1 un recorrido participativo de 5 kil\u00f3metros, con largada y llegada en el sector de los Food Trucks de la Costanera Diego Maradona.<\/p>\n\n\n\n<p>En todas las distancias, se recorrer\u00e1n sitios emblem\u00e1ticos de la ciudad, como la Costanera, el Estadio \u00danico, la Terminal de \u00d3mnibus, el F\u00f3rum, la Casa de Gobierno, la Municipalidad, el Centro Cultural, la Plaza Libertad, el Complejo Juan Felipe Ibarra, el natatorio Madre de Ciudades y el paseo Diego Maradona, entre otros.<\/p>\n\n\n\n<figure class=\"wp-block-image size-large\"><a href=\"https:\/\/i0.wp.com\/elterritorialweb.com.ar\/web\/wp-content\/uploads\/2023\/07\/maraton-ciudad-corre.jpeg\"><img data-recalc-dims=\"1\" decoding=\"async\" width=\"640\" height=\"426\" data-src=\"https:\/\/i0.wp.com\/elterritorialweb.com.ar\/web\/wp-content\/uploads\/2023\/07\/maraton-ciudad-corre.jpeg?resize=640%2C426\" alt=\"\" class=\"wp-image-54921 lazyload\" data-srcset=\"https:\/\/i0.wp.com\/elterritorialweb.com.ar\/web\/wp-content\/uploads\/2023\/07\/maraton-ciudad-corre.jpeg?resize=1024%2C682&amp;ssl=1 1024w, https:\/\/i0.wp.com\/elterritorialweb.com.ar\/web\/wp-content\/uploads\/2023\/07\/maraton-ciudad-corre.jpeg?resize=300%2C200&amp;ssl=1 300w, https:\/\/i0.wp.com\/elterritorialweb.com.ar\/web\/wp-content\/uploads\/2023\/07\/maraton-ciudad-corre.jpeg?resize=768%2C512&amp;ssl=1 768w, https:\/\/i0.wp.com\/elterritorialweb.com.ar\/web\/wp-content\/uploads\/2023\/07\/maraton-ciudad-corre.jpeg?w=1280&amp;ssl=1 1280w\" data-sizes=\"(max-width: 640px) 100vw, 640px\" src=\"data:image\/svg+xml;base64,PHN2ZyB3aWR0aD0iMSIgaGVpZ2h0PSIxIiB4bWxucz0iaHR0cDovL3d3dy53My5vcmcvMjAwMC9zdmciPjwvc3ZnPg==\" style=\"--smush-placeholder-width: 640px; --smush-placeholder-aspect-ratio: 640\/426;\" \/><\/a><\/figure>\n\n\n\n<p>En este sentido, Machado resalt\u00f3 \u00abla alegr\u00eda de organizar por tercera vez esta propuesta deportiva, que ya es una tradici\u00f3n de los festejos por el mes aniversario de la ciudad, por lo que invitamos a todos los vecinos y turistas a participar y alentar a los atletas\u00bb.<\/p>\n\n\n\n<p>Por su parte, Dapello destac\u00f3 que \u00abel gran prestigio y reconocimiento con el que cuenta la marat\u00f3n que, este a\u00f1o, nuevamente contar\u00e1 con la presencia de cientos de corredores provenientes de diferentes ciudades del pa\u00eds\u00bb.<\/p>\n\n\n\n<p>En tanto, Vittar remarc\u00f3 que \u00abm\u00e1s de 1500 personas se inscribieron en los diferentes recorridos, quienes recibir\u00e1n medallas finisher, trofeos, premios especiales y kits compuestos por remeras, gorras y otros elementos\u00bb.<\/p>\n","protected":false},"excerpt":{"rendered":"<p>En el marco de las actividades programadas para celebrar el 470\u00b0 aniversario de la Madre de Ciudades se desarrollar\u00e1 la tercera edici\u00f3n de la media marat\u00f3n \u00abLa Ciudad Corre\u00bb, el domingo 2 de julio a partir de las 9 horas.<\/p>\n","protected":false},"author":2,"featured_media":54919,"comment_status":"open","ping_status":"open","sticky":false,"template":"","format":"standard","meta":{"om_disable_all_campaigns":false,"_monsterinsights_skip_tracking":false,"_monsterinsights_sitenote_active":false,"_monsterinsights_sitenote_note":"","_monsterinsights_sitenote_category":0,"_uf_show_specific_survey":0,"_uf_disable_surveys":false,"jetpack_post_was_ever_published":false,"_jetpack_newsletter_access":"","_jetpack_dont_email_post_to_subs":false,"_jetpack_newsletter_tier_id":0,"_jetpack_memberships_contains_paywalled_content":false,"_jetpack_memberships_contains_paid_content":false,"footnotes":"","jetpack_publicize_message":"","jetpack_publicize_feature_enabled":true,"jetpack_social_post_already_shared":true,"jetpack_social_options":{"image_generator_settings":{"template":"highway","default_image_id":0,"font":"","enabled":false},"version":2}},"categories":[4,21],"tags":[384,397,73],"class_list":["post-54918","post","type-post","status-publish","format-standard","has-post-thumbnail","hentry","category-destacadas","category-locales","tag-470-aniversario-de-santiago-del-estero","tag-maraton-la-ciudad-corre","tag-municipalidad-de-la-capital"],"aioseo_notices":[],"views":15,"jetpack_publicize_connections":[],"jetpack_featured_media_url":"https:\/\/i0.wp.com\/elterritorialweb.com.ar\/web\/wp-content\/uploads\/2023\/07\/la-ciudad-corre.webp?fit=450%2C300&ssl=1","jetpack_sharing_enabled":true,"_links":{"self":[{"href":"https:\/\/elterritorialweb.com.ar\/web\/wp-json\/wp\/v2\/posts\/54918","targetHints":{"allow":["GET"]}}],"collection":[{"href":"https:\/\/elterritorialweb.com.ar\/web\/wp-json\/wp\/v2\/posts"}],"about":[{"href":"https:\/\/elterritorialweb.com.ar\/web\/wp-json\/wp\/v2\/types\/post"}],"author":[{"embeddable":true,"href":"https:\/\/elterritorialweb.com.ar\/web\/wp-json\/wp\/v2\/users\/2"}],"replies":[{"embeddable":true,"href":"https:\/\/elterritorialweb.com.ar\/web\/wp-json\/wp\/v2\/comments?post=54918"}],"version-history":[{"count":2,"href":"https:\/\/elterritorialweb.com.ar\/web\/wp-json\/wp\/v2\/posts\/54918\/revisions"}],"predecessor-version":[{"id":54922,"href":"https:\/\/elterritorialweb.com.ar\/web\/wp-json\/wp\/v2\/posts\/54918\/revisions\/54922"}],"wp:featuredmedia":[{"embeddable":true,"href":"https:\/\/elterritorialweb.com.ar\/web\/wp-json\/wp\/v2\/media\/54919"}],"wp:attachment":[{"href":"https:\/\/elterritorialweb.com.ar\/web\/wp-json\/wp\/v2\/media?parent=54918"}],"wp:term":[{"taxonomy":"category","embeddable":true,"href":"https:\/\/elterritorialweb.com.ar\/web\/wp-json\/wp\/v2\/categories?post=54918"},{"taxonomy":"post_tag","embeddable":true,"href":"https:\/\/elterritorialweb.com.ar\/web\/wp-json\/wp\/v2\/tags?post=54918"}],"curies":[{"name":"wp","href":"https:\/\/api.w.org\/{rel}","templated":true}]}}