{"id":54923,"date":"2023-07-01T02:10:26","date_gmt":"2023-07-01T02:10:26","guid":{"rendered":"http:\/\/elterritorialweb.com.ar\/web\/?p=54923"},"modified":"2023-07-01T02:10:41","modified_gmt":"2023-07-01T02:10:41","slug":"el-ministerio-de-turismo-y-deportes-de-la-nacion-lanzo-la-temporada-turistica-de-invierno-2023","status":"publish","type":"post","link":"https:\/\/elterritorialweb.com.ar\/web\/el-ministerio-de-turismo-y-deportes-de-la-nacion-lanzo-la-temporada-turistica-de-invierno-2023\/","title":{"rendered":"EL MINISTERIO DE TURISMO Y DEPORTES DE LA NACI\u00d3N LANZ\u00d3 LA TEMPORADA TUR\u00cdSTICA DE INVIERNO 2023"},"content":{"rendered":"\n<p>En la ocasi\u00f3n, el Subsecretario de Turismo de Santiago del Estero, Nelson Bravo, estuvo presente en su car\u00e1cter de presidente de la regi\u00f3n Norte junto a sus pares Sebasti\u00e1n Giobellina de Tucum\u00e1n, Gustavo Luna de La Rioja, Roberto Brunello de Catamarca y Mario Pe\u00f1a de Salta.<\/p>\n\n\n\n<p>El Norte, es uno de los destinos que ser\u00e1 m\u00e1s elegido por el turismo nacional e internacional en esta temporada invernal. En especial Santiago del Estero, que tiene una variada propuesta para estas vacaciones tanto en la ciudad Capital, con un mes de julio de fiesta, lleno de propuestas culturales, folcl\u00f3rico, gastron\u00f3mica como lo m\u00e1s destacado, y las Termas de Rio Hondo por sus c\u00e1lidas temperatura y las aguas termales. <\/p>\n","protected":false},"excerpt":{"rendered":"<p>El lanzamiento se realiz\u00f3 en el Centro Cultural Kirchner (CCK), con la presencia del ministro de Econ\u00f3mica Sergio Massa, el ministro de Turismo y Deportes, Mat\u00edas Lammens, el ministro de Transporte Diego Giuliano, el presidente de Aerol\u00edneas Argentinas, Pablo Ceriani y el Embajador de Brasil, Daniel Scioli.<\/p>\n","protected":false},"author":2,"featured_media":54925,"comment_status":"open","ping_status":"open","sticky":false,"template":"","format":"standard","meta":{"om_disable_all_campaigns":false,"_monsterinsights_skip_tracking":false,"_monsterinsights_sitenote_active":false,"_monsterinsights_sitenote_note":"","_monsterinsights_sitenote_category":0,"_uf_show_specific_survey":0,"_uf_disable_surveys":false,"jetpack_post_was_ever_published":false,"_jetpack_newsletter_access":"","_jetpack_dont_email_post_to_subs":false,"_jetpack_newsletter_tier_id":0,"_jetpack_memberships_contains_paywalled_content":false,"_jetpack_memberships_contains_paid_content":false,"footnotes":"","jetpack_publicize_message":"","jetpack_publicize_feature_enabled":true,"jetpack_social_post_already_shared":true,"jetpack_social_options":{"image_generator_settings":{"template":"highway","default_image_id":0,"font":"","enabled":false},"version":2}},"categories":[4,29],"tags":[398,399],"class_list":["post-54923","post","type-post","status-publish","format-standard","has-post-thumbnail","hentry","category-destacadas","category-turismo","tag-ministerio-de-turismo-y-deportes-de-la-nacion","tag-temporada-turistica-2023"],"aioseo_notices":[],"views":9,"jetpack_publicize_connections":[],"jetpack_featured_media_url":"https:\/\/i0.wp.com\/elterritorialweb.com.ar\/web\/wp-content\/uploads\/2023\/07\/temporada-turistica-2023.jpg?fit=1280%2C960&ssl=1","jetpack_sharing_enabled":true,"_links":{"self":[{"href":"https:\/\/elterritorialweb.com.ar\/web\/wp-json\/wp\/v2\/posts\/54923","targetHints":{"allow":["GET"]}}],"collection":[{"href":"https:\/\/elterritorialweb.com.ar\/web\/wp-json\/wp\/v2\/posts"}],"about":[{"href":"https:\/\/elterritorialweb.com.ar\/web\/wp-json\/wp\/v2\/types\/post"}],"author":[{"embeddable":true,"href":"https:\/\/elterritorialweb.com.ar\/web\/wp-json\/wp\/v2\/users\/2"}],"replies":[{"embeddable":true,"href":"https:\/\/elterritorialweb.com.ar\/web\/wp-json\/wp\/v2\/comments?post=54923"}],"version-history":[{"count":1,"href":"https:\/\/elterritorialweb.com.ar\/web\/wp-json\/wp\/v2\/posts\/54923\/revisions"}],"predecessor-version":[{"id":54926,"href":"https:\/\/elterritorialweb.com.ar\/web\/wp-json\/wp\/v2\/posts\/54923\/revisions\/54926"}],"wp:featuredmedia":[{"embeddable":true,"href":"https:\/\/elterritorialweb.com.ar\/web\/wp-json\/wp\/v2\/media\/54925"}],"wp:attachment":[{"href":"https:\/\/elterritorialweb.com.ar\/web\/wp-json\/wp\/v2\/media?parent=54923"}],"wp:term":[{"taxonomy":"category","embeddable":true,"href":"https:\/\/elterritorialweb.com.ar\/web\/wp-json\/wp\/v2\/categories?post=54923"},{"taxonomy":"post_tag","embeddable":true,"href":"https:\/\/elterritorialweb.com.ar\/web\/wp-json\/wp\/v2\/tags?post=54923"}],"curies":[{"name":"wp","href":"https:\/\/api.w.org\/{rel}","templated":true}]}}