{"id":54927,"date":"2023-07-01T02:45:58","date_gmt":"2023-07-01T02:45:58","guid":{"rendered":"http:\/\/elterritorialweb.com.ar\/web\/?p=54927"},"modified":"2023-07-01T02:48:44","modified_gmt":"2023-07-01T02:48:44","slug":"suspenden-la-obra-jovenes-una-misteriosa-aventura","status":"publish","type":"post","link":"https:\/\/elterritorialweb.com.ar\/web\/suspenden-la-obra-jovenes-una-misteriosa-aventura\/","title":{"rendered":"SUSPENDEN LA OBRA \u00abJ\u00d3VENES, UNA MISTERIOSA AVENTURA\u00bb"},"content":{"rendered":"\n<p>Aquellas personas que adquirieron las entradas deben realizar la devoluci\u00f3n de las mismas para el reintegro total del dinero, el d\u00eda <strong>s\u00e1bado 1 de julio de 17 a 21 horas en Tucum\u00e1n N\u00b0316, entre Rivadavia Y Jujuy.<\/strong><\/p>\n\n\n\n<p>Desde ya agradecemos a todos por la confianza y el apoyo de siempre para con todas las obras presentadas en el PARANINFO DE LA UNSE. En esta oportunidad, por razones de producci\u00f3n, el musical infantil se suspende definitivamente.<\/p>\n","protected":false},"excerpt":{"rendered":"<p>La obra infantil, \u201cJ\u00f3venes, una misteriosa aventura\u201d, queda suspendida. La reprogramaci\u00f3n prevista para este Domingo 2 de Julio a las 18 horas, no se realizar\u00e1 por razones de producci\u00f3n.<\/p>\n","protected":false},"author":2,"featured_media":54928,"comment_status":"open","ping_status":"open","sticky":false,"template":"","format":"standard","meta":{"om_disable_all_campaigns":false,"_monsterinsights_skip_tracking":false,"_monsterinsights_sitenote_active":false,"_monsterinsights_sitenote_note":"","_monsterinsights_sitenote_category":0,"_uf_show_specific_survey":0,"_uf_disable_surveys":false,"jetpack_post_was_ever_published":false,"_jetpack_newsletter_access":"","_jetpack_dont_email_post_to_subs":false,"_jetpack_newsletter_tier_id":0,"_jetpack_memberships_contains_paywalled_content":false,"_jetpack_memberships_contains_paid_content":false,"footnotes":"","jetpack_publicize_message":"","jetpack_publicize_feature_enabled":true,"jetpack_social_post_already_shared":true,"jetpack_social_options":{"image_generator_settings":{"template":"highway","default_image_id":0,"font":"","enabled":false},"version":2}},"categories":[20],"tags":[],"class_list":["post-54927","post","type-post","status-publish","format-standard","has-post-thumbnail","hentry","category-especysociales"],"aioseo_notices":[],"views":15,"jetpack_publicize_connections":[],"jetpack_featured_media_url":"https:\/\/i0.wp.com\/elterritorialweb.com.ar\/web\/wp-content\/uploads\/2023\/07\/IMG-20230630-WA0067.jpg?fit=1200%2C672&ssl=1","jetpack_sharing_enabled":true,"_links":{"self":[{"href":"https:\/\/elterritorialweb.com.ar\/web\/wp-json\/wp\/v2\/posts\/54927","targetHints":{"allow":["GET"]}}],"collection":[{"href":"https:\/\/elterritorialweb.com.ar\/web\/wp-json\/wp\/v2\/posts"}],"about":[{"href":"https:\/\/elterritorialweb.com.ar\/web\/wp-json\/wp\/v2\/types\/post"}],"author":[{"embeddable":true,"href":"https:\/\/elterritorialweb.com.ar\/web\/wp-json\/wp\/v2\/users\/2"}],"replies":[{"embeddable":true,"href":"https:\/\/elterritorialweb.com.ar\/web\/wp-json\/wp\/v2\/comments?post=54927"}],"version-history":[{"count":2,"href":"https:\/\/elterritorialweb.com.ar\/web\/wp-json\/wp\/v2\/posts\/54927\/revisions"}],"predecessor-version":[{"id":54931,"href":"https:\/\/elterritorialweb.com.ar\/web\/wp-json\/wp\/v2\/posts\/54927\/revisions\/54931"}],"wp:featuredmedia":[{"embeddable":true,"href":"https:\/\/elterritorialweb.com.ar\/web\/wp-json\/wp\/v2\/media\/54928"}],"wp:attachment":[{"href":"https:\/\/elterritorialweb.com.ar\/web\/wp-json\/wp\/v2\/media?parent=54927"}],"wp:term":[{"taxonomy":"category","embeddable":true,"href":"https:\/\/elterritorialweb.com.ar\/web\/wp-json\/wp\/v2\/categories?post=54927"},{"taxonomy":"post_tag","embeddable":true,"href":"https:\/\/elterritorialweb.com.ar\/web\/wp-json\/wp\/v2\/tags?post=54927"}],"curies":[{"name":"wp","href":"https:\/\/api.w.org\/{rel}","templated":true}]}}