{"id":54932,"date":"2023-07-01T14:01:16","date_gmt":"2023-07-01T14:01:16","guid":{"rendered":"http:\/\/elterritorialweb.com.ar\/web\/?p=54932"},"modified":"2023-07-01T14:17:22","modified_gmt":"2023-07-01T14:17:22","slug":"internaron-al-doctor-alberto-cormillot-por-un-fuerte-dolor-de-espalda","status":"publish","type":"post","link":"https:\/\/elterritorialweb.com.ar\/web\/internaron-al-doctor-alberto-cormillot-por-un-fuerte-dolor-de-espalda\/","title":{"rendered":"INTERNARON AL DOCTOR ALBERTO CORMILLOT POR UN FUERTE DOLOR DE ESPALDA"},"content":{"rendered":"\n<p><strong>Internaron al doctor Alberto Cormillot por un fuerte dolor de espalda<\/strong>, el nutricionista de 84 a\u00f1os ingres\u00f3 al Instituto Fleni y se le realizaron estudios para determinar que el origen de la dolencia. Podr\u00edan ser c\u00e1lculos o una lesi\u00f3n muscular, descartando cualquier cuadro complicado.<\/p>\n\n\n\n<p>El reconocido doctor fue trasladado al Instituto Fleni, donde se le realiz\u00f3 una<strong>\u00a0resonancia magn\u00e9tica<\/strong>\u00a0que demostr\u00f3 una inflamaci\u00f3n en la columna vertebral. Adem\u00e1s, los m\u00e9dicos efectuaron una serie de\u00a0<strong>controles cardiol\u00f3gicos<\/strong>\u00a0para poder descartar que sea el origen de la dolencia.<\/p>\n\n\n\n<figure class=\"wp-block-embed is-type-rich is-provider-twitter wp-block-embed-twitter\"><div class=\"wp-block-embed__wrapper\">\nhttps:\/\/twitter.com\/liopecoraro\/status\/1674896063306637313\n<\/div><\/figure>\n\n\n\n<p>La noticia de la internaci\u00f3n, la dio a conocer el conductor L\u00edo Pecoraro en su cuenta oficial de Twitter, donde explic\u00f3 \u00abinternaron a Alberto Cormillot. Debido a un fuerte dolor de espalda.\u00a0<strong>Estudios que le realizan para saber de d\u00f3nde viene. C\u00e1lculos o lesi\u00f3n muscular es lo que \u00e9l mismo dice podr\u00eda ser<\/strong>\u00ab.<\/p>\n","protected":false},"excerpt":{"rendered":"<p>El nutricionista de 84 a\u00f1os ingres\u00f3 al Instituto Fleni y se le realizaron estudios para determinar que el origen de la dolencia. Podr\u00edan ser c\u00e1lculos o una lesi\u00f3n muscular, descartando cualquier cuadro complicado.<\/p>\n","protected":false},"author":2,"featured_media":54933,"comment_status":"open","ping_status":"open","sticky":false,"template":"","format":"standard","meta":{"om_disable_all_campaigns":false,"_monsterinsights_skip_tracking":false,"_monsterinsights_sitenote_active":false,"_monsterinsights_sitenote_note":"","_monsterinsights_sitenote_category":0,"_uf_show_specific_survey":0,"_uf_disable_surveys":false,"jetpack_post_was_ever_published":false,"_jetpack_newsletter_access":"","_jetpack_dont_email_post_to_subs":false,"_jetpack_newsletter_tier_id":0,"_jetpack_memberships_contains_paywalled_content":false,"_jetpack_memberships_contains_paid_content":false,"footnotes":"","jetpack_publicize_message":"","jetpack_publicize_feature_enabled":true,"jetpack_social_post_already_shared":true,"jetpack_social_options":{"image_generator_settings":{"template":"highway","default_image_id":0,"font":"","enabled":false},"version":2}},"categories":[20],"tags":[400],"class_list":["post-54932","post","type-post","status-publish","format-standard","has-post-thumbnail","hentry","category-especysociales","tag-alberto-cormillot"],"aioseo_notices":[],"views":7,"jetpack_publicize_connections":[],"jetpack_featured_media_url":"https:\/\/i0.wp.com\/elterritorialweb.com.ar\/web\/wp-content\/uploads\/2023\/07\/cormillot.jpg?fit=680%2C340&ssl=1","jetpack_sharing_enabled":true,"_links":{"self":[{"href":"https:\/\/elterritorialweb.com.ar\/web\/wp-json\/wp\/v2\/posts\/54932","targetHints":{"allow":["GET"]}}],"collection":[{"href":"https:\/\/elterritorialweb.com.ar\/web\/wp-json\/wp\/v2\/posts"}],"about":[{"href":"https:\/\/elterritorialweb.com.ar\/web\/wp-json\/wp\/v2\/types\/post"}],"author":[{"embeddable":true,"href":"https:\/\/elterritorialweb.com.ar\/web\/wp-json\/wp\/v2\/users\/2"}],"replies":[{"embeddable":true,"href":"https:\/\/elterritorialweb.com.ar\/web\/wp-json\/wp\/v2\/comments?post=54932"}],"version-history":[{"count":1,"href":"https:\/\/elterritorialweb.com.ar\/web\/wp-json\/wp\/v2\/posts\/54932\/revisions"}],"predecessor-version":[{"id":54934,"href":"https:\/\/elterritorialweb.com.ar\/web\/wp-json\/wp\/v2\/posts\/54932\/revisions\/54934"}],"wp:featuredmedia":[{"embeddable":true,"href":"https:\/\/elterritorialweb.com.ar\/web\/wp-json\/wp\/v2\/media\/54933"}],"wp:attachment":[{"href":"https:\/\/elterritorialweb.com.ar\/web\/wp-json\/wp\/v2\/media?parent=54932"}],"wp:term":[{"taxonomy":"category","embeddable":true,"href":"https:\/\/elterritorialweb.com.ar\/web\/wp-json\/wp\/v2\/categories?post=54932"},{"taxonomy":"post_tag","embeddable":true,"href":"https:\/\/elterritorialweb.com.ar\/web\/wp-json\/wp\/v2\/tags?post=54932"}],"curies":[{"name":"wp","href":"https:\/\/api.w.org\/{rel}","templated":true}]}}